{"id":1227,"date":"2013-07-25T11:42:19","date_gmt":"2013-07-25T09:42:19","guid":{"rendered":"http:\/\/evaristovalle.com\/?p=1227"},"modified":"2013-07-26T10:21:01","modified_gmt":"2013-07-26T08:21:01","slug":"inauguracion-exposicion-artistas-con-el-museo","status":"publish","type":"post","link":"https:\/\/evaristovalle.com\/en\/espanol-inauguracion-exposicion-artistas-con-el-museo\/","title":{"rendered":"(Espa\u00f1ol) Inauguraci\u00f3n exposici\u00f3n &#8220;Artistas con el museo&#8221;."},"content":{"rendered":"<p>Sorry, this entry is only available in <a href=\"https:\/\/evaristovalle.com\/wp-json\/wp\/v2\/posts\/1227\">Espa\u00f1ol<\/a>.<\/p>\n","protected":false},"excerpt":{"rendered":"<p>Sorry, this entry is only available in Espa\u00f1ol.<\/p>\n","protected":false},"author":5,"featured_media":1252,"comment_status":"closed","ping_status":"open","sticky":false,"template":"","format":"standard","meta":{"footnotes":""},"categories":[14],"tags":[20,84,19,85,22,33,23,83,40],"_links":{"self":[{"href":"https:\/\/evaristovalle.com\/en\/wp-json\/wp\/v2\/posts\/1227"}],"collection":[{"href":"https:\/\/evaristovalle.com\/en\/wp-json\/wp\/v2\/posts"}],"about":[{"href":"https:\/\/evaristovalle.com\/en\/wp-json\/wp\/v2\/types\/post"}],"author":[{"embeddable":true,"href":"https:\/\/evaristovalle.com\/en\/wp-json\/wp\/v2\/users\/5"}],"replies":[{"embeddable":true,"href":"https:\/\/evaristovalle.com\/en\/wp-json\/wp\/v2\/comments?post=1227"}],"version-history":[{"count":11,"href":"https:\/\/evaristovalle.com\/en\/wp-json\/wp\/v2\/posts\/1227\/revisions"}],"predecessor-version":[{"id":1254,"href":"https:\/\/evaristovalle.com\/en\/wp-json\/wp\/v2\/posts\/1227\/revisions\/1254"}],"wp:featuredmedia":[{"embeddable":true,"href":"https:\/\/evaristovalle.com\/en\/wp-json\/wp\/v2\/media\/1252"}],"wp:attachment":[{"href":"https:\/\/evaristovalle.com\/en\/wp-json\/wp\/v2\/media?parent=1227"}],"wp:term":[{"taxonomy":"category","embeddable":true,"href":"https:\/\/evaristovalle.com\/en\/wp-json\/wp\/v2\/categories?post=1227"},{"taxonomy":"post_tag","embeddable":true,"href":"https:\/\/evaristovalle.com\/en\/wp-json\/wp\/v2\/tags?post=1227"}],"curies":[{"name":"wp","href":"https:\/\/api.w.org\/{rel}","templated":true}]}}