{"id":2396,"date":"2015-04-15T16:06:45","date_gmt":"2015-04-15T14:06:45","guid":{"rendered":"http:\/\/evaristovalle.com\/?p=2396"},"modified":"2015-04-21T16:16:04","modified_gmt":"2015-04-21T14:16:04","slug":"sabado-25-21-00-h-inauguracion-exposicion-raquel-cohen","status":"publish","type":"post","link":"https:\/\/evaristovalle.com\/en\/espanol-sabado-25-21-00-h-inauguracion-exposicion-raquel-cohen\/","title":{"rendered":"(Espa\u00f1ol) S\u00e1bado 25 &#8211; 21.00 h. Inauguraci\u00f3n exposici\u00f3n Raquel Cohen"},"content":{"rendered":"<p>Sorry, this entry is only available in <a href=\"https:\/\/evaristovalle.com\/wp-json\/wp\/v2\/posts\/2396\">Espa\u00f1ol<\/a>.<\/p>\n","protected":false},"excerpt":{"rendered":"<p>Sorry, this entry is only available in Espa\u00f1ol.<\/p>\n","protected":false},"author":1,"featured_media":2402,"comment_status":"closed","ping_status":"open","sticky":false,"template":"","format":"standard","meta":{"footnotes":""},"categories":[14],"tags":[20,74,72,84,73],"_links":{"self":[{"href":"https:\/\/evaristovalle.com\/en\/wp-json\/wp\/v2\/posts\/2396"}],"collection":[{"href":"https:\/\/evaristovalle.com\/en\/wp-json\/wp\/v2\/posts"}],"about":[{"href":"https:\/\/evaristovalle.com\/en\/wp-json\/wp\/v2\/types\/post"}],"author":[{"embeddable":true,"href":"https:\/\/evaristovalle.com\/en\/wp-json\/wp\/v2\/users\/1"}],"replies":[{"embeddable":true,"href":"https:\/\/evaristovalle.com\/en\/wp-json\/wp\/v2\/comments?post=2396"}],"version-history":[{"count":7,"href":"https:\/\/evaristovalle.com\/en\/wp-json\/wp\/v2\/posts\/2396\/revisions"}],"predecessor-version":[{"id":2405,"href":"https:\/\/evaristovalle.com\/en\/wp-json\/wp\/v2\/posts\/2396\/revisions\/2405"}],"wp:featuredmedia":[{"embeddable":true,"href":"https:\/\/evaristovalle.com\/en\/wp-json\/wp\/v2\/media\/2402"}],"wp:attachment":[{"href":"https:\/\/evaristovalle.com\/en\/wp-json\/wp\/v2\/media?parent=2396"}],"wp:term":[{"taxonomy":"category","embeddable":true,"href":"https:\/\/evaristovalle.com\/en\/wp-json\/wp\/v2\/categories?post=2396"},{"taxonomy":"post_tag","embeddable":true,"href":"https:\/\/evaristovalle.com\/en\/wp-json\/wp\/v2\/tags?post=2396"}],"curies":[{"name":"wp","href":"https:\/\/api.w.org\/{rel}","templated":true}]}}