{"id":3381,"date":"2016-06-30T18:12:16","date_gmt":"2016-06-30T16:12:16","guid":{"rendered":"http:\/\/evaristovalle.com\/?p=3381"},"modified":"2016-06-30T18:12:16","modified_gmt":"2016-06-30T16:12:16","slug":"d-3-julio-12-00-h-visita-guiada-la-exposicion-oteiza-la-coleccion-del-mas-jose-samaniego","status":"publish","type":"post","link":"https:\/\/evaristovalle.com\/en\/d-3-julio-12-00-h-visita-guiada-a-la-exposicion-oteiza-en-la-coleccion-del-mas-por-jose-a-samaniego\/","title":{"rendered":"D. 3 julio &#8211; 12.00 h \/\/ Visita guiada a la exposici\u00f3n &#8220;Oteiza en la colecci\u00f3n del MAS&#8221;, por Jos\u00e9 A. Samaniego"},"content":{"rendered":"<p>El pr\u00f3ximo domingo 3 de julio, a las 12.00 h, Jos\u00e9 A. Samaniego, cr\u00edtico de arte de La Nueva Espa\u00f1a, impartir\u00e1 una visita guiada a la exposici\u00f3n del escultor <strong>Jorge Oteiza<\/strong>, que estos d\u00edas se muestra en el msueo, procedentes del <a href=\"https:\/\/www.google.es\/url?sa=t&amp;rct=j&amp;q=&amp;esrc=s&amp;source=web&amp;cd=1&amp;cad=rja&amp;uact=8&amp;ved=0ahUKEwiuoZ3IkNDNAhWDWhoKHWenB5MQFggfMAA&amp;url=http%3A%2F%2Fwww.museosantandermas.es%2F&amp;usg=AFQjCNG58HxYSuGVW5zaW0LmfCLDZVYhvw&amp;sig2=ZObm4DQaxwLpq4WzWeC1LQ\" target=\"_blank\">MAS | Museo de Arte Moderno y Contempor\u00e1neo de Santander y Cantabria.<\/a><\/p>\n<p>Jos\u00e9 A. Samaniego es buen conocedor de la obra de Jorge Oteiza, por haberla seguido de cerca de la mano de su hermano, el tambi\u00e9n artista y escultor Antonio Oteiza, bien conocido en nuestra ciudad.<\/p>\n<p>La visita consistir\u00e1 en un recorrido por cada una de las doce piezas que conforman la exposici\u00f3n, situ\u00e1ndolas en su estilo y momento hist\u00f3rico. Se referir\u00e1 igualmente a piezas de <strong>Rubio Cam\u00edn<\/strong> y <strong>Amador<\/strong> que conforman la colecci\u00f3n del Museo Evaristo Valle, seguidores a su manera de la obra de Jorge Oteiza, a quien ambos conocieron en Madrid.<\/p>\n<p>La visita guiada ser\u00e1 gratuita con la entrada al museo (4 \u20ac general, 2 \u20ac reducida)<\/p>\n","protected":false},"excerpt":{"rendered":"<p>El pr\u00f3ximo domingo 3 de julio, a las 12.00 h, Jos\u00e9 A. Samaniego, cr\u00edtico de arte de La Nueva Espa\u00f1a, impartir\u00e1 una visita guiada a la exposici\u00f3n del escultor Jorge Oteiza, que estos d\u00edas se muestra en el msueo, procedentes del MAS | Museo de Arte Moderno y Contempor\u00e1neo de Santander y Cantabria. Jos\u00e9 A. Samaniego es buen conocedor de la obra de Jorge Oteiza, por haberla seguido de cerca de la mano de su hermano, el tambi\u00e9n artista y escultor Antonio Oteiza, bien conocido en nuestra ciudad. La visita consistir\u00e1 en un recorrido por cada una de las doce piezas que conforman la exposici\u00f3n, situ\u00e1ndolas en su estilo y [&hellip;]<\/p>\n","protected":false},"author":1,"featured_media":3363,"comment_status":"closed","ping_status":"open","sticky":false,"template":"","format":"standard","meta":{"footnotes":""},"categories":[14],"tags":[],"_links":{"self":[{"href":"https:\/\/evaristovalle.com\/en\/wp-json\/wp\/v2\/posts\/3381"}],"collection":[{"href":"https:\/\/evaristovalle.com\/en\/wp-json\/wp\/v2\/posts"}],"about":[{"href":"https:\/\/evaristovalle.com\/en\/wp-json\/wp\/v2\/types\/post"}],"author":[{"embeddable":true,"href":"https:\/\/evaristovalle.com\/en\/wp-json\/wp\/v2\/users\/1"}],"replies":[{"embeddable":true,"href":"https:\/\/evaristovalle.com\/en\/wp-json\/wp\/v2\/comments?post=3381"}],"version-history":[{"count":1,"href":"https:\/\/evaristovalle.com\/en\/wp-json\/wp\/v2\/posts\/3381\/revisions"}],"predecessor-version":[{"id":3382,"href":"https:\/\/evaristovalle.com\/en\/wp-json\/wp\/v2\/posts\/3381\/revisions\/3382"}],"wp:featuredmedia":[{"embeddable":true,"href":"https:\/\/evaristovalle.com\/en\/wp-json\/wp\/v2\/media\/3363"}],"wp:attachment":[{"href":"https:\/\/evaristovalle.com\/en\/wp-json\/wp\/v2\/media?parent=3381"}],"wp:term":[{"taxonomy":"category","embeddable":true,"href":"https:\/\/evaristovalle.com\/en\/wp-json\/wp\/v2\/categories?post=3381"},{"taxonomy":"post_tag","embeddable":true,"href":"https:\/\/evaristovalle.com\/en\/wp-json\/wp\/v2\/tags?post=3381"}],"curies":[{"name":"wp","href":"https:\/\/api.w.org\/{rel}","templated":true}]}}