{"id":4330,"date":"2018-05-04T11:29:04","date_gmt":"2018-05-04T09:29:04","guid":{"rendered":"http:\/\/evaristovalle.com\/?p=4330"},"modified":"2018-05-15T11:15:42","modified_gmt":"2018-05-15T09:15:42","slug":"v-18-mayo-21-30-h-publico-amante-del-terror-bienvenidos","status":"publish","type":"post","link":"https:\/\/evaristovalle.com\/en\/v-18-mayo-21-30-h-publico-amante-del-terror-bienvenidos\/","title":{"rendered":"V. 18 mayo, 21.30 h \/\/ P\u00fablico amante del terror, bienvenidos. (TALLER COMPLETO)"},"content":{"rendered":"<h3 style=\"text-align: center;\"><span style=\"color: #ff0000;\"><strong>P\u00fablico amante del terror<\/strong>, <strong>bienvenido.<\/strong><\/span><\/h3>\n<p style=\"text-align: center;\">Viernes, 18 de mayo, 21.30 h<\/p>\n<p style=\"text-align: center;\">Para j\u00f3venes de 13 a 20 a\u00f1os<\/p>\n<p>A ra\u00edz del <a href=\"http:\/\/evaristovalle.com\/18-19-y-20-de-mayo-dia-internacional-de-los-museos-dim-2018\/\">D\u00eda Internacional de los Museos 2018<\/a> &#8220;Museos hiperconectados: enfoques nuevos, p\u00fablicos nuevos&#8221;, desde el Museo Evaristo Valle proponemos al p\u00fablico adolescente y primera juventud (13 a 20 a\u00f1os), una actividad pensada especialmente para ellos: &#8220;Amantes del terror, bienvenidos&#8221;.<\/p>\n<p>Comenzaremos la actividad con la proyecci\u00f3n de un cortometraje de terror. Ya metidos en este ambiente, seguiremos los pasos de la creaci\u00f3n on\u00edrica de Jos\u00e9 Luis Posada y F\u00e9lix Guerra a trav\u00e9s de sus <a href=\"http:\/\/evaristovalle.com\/exposiciones\/criaturas-insolitas-o-desaparecidas-jose-luis-posada-felix-guerra\/\"><em>Criaturias ins\u00f3litas o desaparecidas<\/em><\/a> donde conoceremos un bestiario amable y grotesco que nos permitir\u00e1 dialogar con bot\u00e1nicos como Linneo o escritores como Borges. Con esta fuente de inspiraci\u00f3n recorreremos los jardines iluminados por linternas para terminar creando nuestras propias criaturas.<\/p>\n<p>Actividad gratuita<\/p>\n<p>Horario: de 21.30 a 23.30 h<\/p>\n<p>Requiere inscripci\u00f3n previa y linterna<\/p>\n<p>Incluye transporte de regreso al centro al finalizar la actividad<\/p>\n<p>Inscripciones: 985 33 40 00 o <a href=\"http:\/\/programaseducativos@evaristovalle.com\" target=\"_blank\" rel=\"noopener\">e-mail<\/a><\/p>\n<p>Colabora: <a href=\"http:\/\/evaristovalle.com\/?attachment_id=4337\" rel=\"attachment wp-att-4337\"><img loading=\"lazy\" decoding=\"async\" class=\"aligncenter wp-image-4337 size-medium\" src=\"http:\/\/evaristovalle.com\/wp-content\/uploads\/2018\/04\/GIJON-JUVENTUD-color-300x64.jpg\" alt=\"\" width=\"300\" height=\"64\" srcset=\"https:\/\/evaristovalle.com\/wp-content\/uploads\/2018\/04\/GIJON-JUVENTUD-color-300x64.jpg 300w, https:\/\/evaristovalle.com\/wp-content\/uploads\/2018\/04\/GIJON-JUVENTUD-color-768x165.jpg 768w, https:\/\/evaristovalle.com\/wp-content\/uploads\/2018\/04\/GIJON-JUVENTUD-color-1024x220.jpg 1024w, https:\/\/evaristovalle.com\/wp-content\/uploads\/2018\/04\/GIJON-JUVENTUD-color.jpg 1417w\" sizes=\"(max-width: 300px) 100vw, 300px\" \/><\/a><\/p>\n<p><a href=\"http:\/\/evaristovalle.com\/?attachment_id=4338\" rel=\"attachment wp-att-4338\"><img loading=\"lazy\" decoding=\"async\" class=\"aligncenter wp-image-4338 size-large\" src=\"http:\/\/evaristovalle.com\/wp-content\/uploads\/2018\/04\/Cartel-Terror-FMEV_1000px-727x1024.jpg\" alt=\"\" width=\"727\" height=\"1024\" srcset=\"https:\/\/evaristovalle.com\/wp-content\/uploads\/2018\/04\/Cartel-Terror-FMEV_1000px-727x1024.jpg 727w, https:\/\/evaristovalle.com\/wp-content\/uploads\/2018\/04\/Cartel-Terror-FMEV_1000px-213x300.jpg 213w, https:\/\/evaristovalle.com\/wp-content\/uploads\/2018\/04\/Cartel-Terror-FMEV_1000px-768x1082.jpg 768w, https:\/\/evaristovalle.com\/wp-content\/uploads\/2018\/04\/Cartel-Terror-FMEV_1000px.jpg 1000w\" sizes=\"(max-width: 727px) 100vw, 727px\" \/><\/a><\/p>\n\n","protected":false},"excerpt":{"rendered":"<p>P\u00fablico amante del terror, bienvenido. Viernes, 18 de mayo, 21.30 h Para j\u00f3venes de 13 a 20 a\u00f1os A ra\u00edz del D\u00eda Internacional de los Museos 2018 &#8220;Museos hiperconectados: enfoques nuevos, p\u00fablicos nuevos&#8221;, desde el Museo Evaristo Valle proponemos al p\u00fablico adolescente y primera juventud (13 a 20 a\u00f1os), una actividad pensada especialmente para ellos: &#8220;Amantes del terror, bienvenidos&#8221;. Comenzaremos la actividad con la proyecci\u00f3n de un cortometraje de terror. Ya metidos en este ambiente, seguiremos los pasos de la creaci\u00f3n on\u00edrica de Jos\u00e9 Luis Posada y F\u00e9lix Guerra a trav\u00e9s de sus Criaturias ins\u00f3litas o desaparecidas donde conoceremos un bestiario amable y grotesco que nos permitir\u00e1 dialogar con bot\u00e1nicos [&hellip;]<\/p>\n","protected":false},"author":1,"featured_media":4332,"comment_status":"closed","ping_status":"open","sticky":false,"template":"","format":"standard","meta":{"footnotes":""},"categories":[16,15],"tags":[],"_links":{"self":[{"href":"https:\/\/evaristovalle.com\/en\/wp-json\/wp\/v2\/posts\/4330"}],"collection":[{"href":"https:\/\/evaristovalle.com\/en\/wp-json\/wp\/v2\/posts"}],"about":[{"href":"https:\/\/evaristovalle.com\/en\/wp-json\/wp\/v2\/types\/post"}],"author":[{"embeddable":true,"href":"https:\/\/evaristovalle.com\/en\/wp-json\/wp\/v2\/users\/1"}],"replies":[{"embeddable":true,"href":"https:\/\/evaristovalle.com\/en\/wp-json\/wp\/v2\/comments?post=4330"}],"version-history":[{"count":4,"href":"https:\/\/evaristovalle.com\/en\/wp-json\/wp\/v2\/posts\/4330\/revisions"}],"predecessor-version":[{"id":4384,"href":"https:\/\/evaristovalle.com\/en\/wp-json\/wp\/v2\/posts\/4330\/revisions\/4384"}],"wp:featuredmedia":[{"embeddable":true,"href":"https:\/\/evaristovalle.com\/en\/wp-json\/wp\/v2\/media\/4332"}],"wp:attachment":[{"href":"https:\/\/evaristovalle.com\/en\/wp-json\/wp\/v2\/media?parent=4330"}],"wp:term":[{"taxonomy":"category","embeddable":true,"href":"https:\/\/evaristovalle.com\/en\/wp-json\/wp\/v2\/categories?post=4330"},{"taxonomy":"post_tag","embeddable":true,"href":"https:\/\/evaristovalle.com\/en\/wp-json\/wp\/v2\/tags?post=4330"}],"curies":[{"name":"wp","href":"https:\/\/api.w.org\/{rel}","templated":true}]}}