{"id":5113,"date":"2019-12-23T09:18:00","date_gmt":"2019-12-23T08:18:00","guid":{"rendered":"https:\/\/evaristovalle.com\/?p=5113"},"modified":"2019-12-27T13:12:14","modified_gmt":"2019-12-27T12:12:14","slug":"agenda-de-conciertos-de-navidad-diciembre-2019-enero-2020","status":"publish","type":"post","link":"https:\/\/evaristovalle.com\/en\/agenda-de-conciertos-de-navidad-diciembre-2019-enero-2020\/","title":{"rendered":"Agenda de conciertos de Navidad: diciembre 2019 &#8211; enero 2020"},"content":{"rendered":"<p>Retomamos los cl\u00e1sicos c<strong>onciertos de Navidad<\/strong>\u00a0 para este mes de diciembre y primeros d\u00edas de 2020 con tres propuestas muy interesantes:<\/p>\n\n<p><span style=\"color: #993300;\"><strong>Homenaje a Beethoven: Beethoven imaginado<\/strong><\/span><\/p>\n<p>Mar\u00eda Cueva M\u00e9ndez y Jacobo de Miguel, piano<\/p>\n<p>S\u00e1bado, 14 de diciembre, 20.00 h<\/p>\n<p>Con motivo del 250 aniversario del nacimiento de Ludwig van Beethoven tenemos el placer de ofrecer un programa que creemos muy representativo de la personalidad art\u00edstica beethoveniana: las \u201cBagatelas op. 126\u201d y la \u201cSonata para piano op. 111\u201d. Ya desde el \u00e1mbito de la interpretaci\u00f3n cl\u00e1sica, ya desde el \u00e1mbito de la improvisaci\u00f3n ofreceremos nuestras elaboraciones propias de estas obras.<\/p>\n\n<p>Entradas: 15 \u20ac<\/p>\n<p>Venta y reservas en el Museo Evaristo Valle<\/p>\n\n<p><span style=\"color: #993300;\"><strong>Nicol\u00e1s Gorostidi Jazz Tr\u00edo<\/strong><strong>, con la participaci\u00f3n de Yuri Zhislin, viol\u00edn<\/strong><\/span><\/p>\n<p>S\u00e1bado, 28 de diciembre, 20.00 h<\/p>\n<p style=\"padding-left: 30px;\">Tr\u00edo formado por el pianista Nicol\u00e1s Gorostidi, m\u00fasico m\u00e1s joven y de cuyo nombre proviene el nombre del tr\u00edo. El proyecto comenz\u00f3 en 2016 tocando juntos en la ciudad donde residen, Gij\u00f3n. Siendo m\u00fasicos dispares en edad y trayectoria, lo que realmente les une es la pasi\u00f3n por el gran g\u00e9nero del Jazz. En su repertorio incluyen los &#8220;Jazz Strandards&#8221; m\u00e1s populares, cuyos arreglos proceden del legado de los m\u00e1s grandes maestros del Jazz, as\u00ed como de sus propias habilidades de composici\u00f3n e improvisaci\u00f3n. Habitualmente invitan a diferentes solistas como colaboradores especiales, convirt\u00e9ndose en cuarteto. En esta ocasi\u00f3n el artista invitado ser\u00e1 Yuri Zhislin, viol\u00edn.<\/p>\n<p>Entradas: 20 \u20ac<\/p>\n<p>Venta y reservas en el Museo Evaristo Valle<\/p>\n\n<p><span style=\"color: #993300;\"><strong>Intersecci\u00f3n orbital, con Cristina Gestido<\/strong><\/span><\/p>\n<p>Viernes, 3 de enero, 20.00 h<\/p>\n<p>Int\u00e9rpretes:<\/p>\n<p>Cristina Gestido: viola, guitarra, voz; Fernando Zorita: viol\u00edn; Claudio Vasquez: viol\u00edn; Steve Wright: viola; Jose Longo: chelo; Mario Bernardo: piano.<\/p>\n\n<p>El concierto <strong>Intersecci\u00f3n Orbital<\/strong>, de gira desde 2016 y que ha pasado por numerosas salas de la geograf\u00eda espa\u00f1ola, como el Patio Teatro Corsario de Valladolid y est\u00e1 programado en el Auditorio Nacional de Madrid para el mes de junio, llega al Museo Evaristo Valle dentro del ciclo de Navidad. En esta ocasi\u00f3n ser\u00e1n los m\u00fasicos de la OSPA Fernando\u00a0Zorita, Claudio Vasquez, Steve Wright y Jose Longo, que junto con el pianista Mario Bernardo, dar\u00e1n vida a los arreglos musicales de la violista Cristina Gestido.<\/p>\n<p><strong>Intersecci\u00f3n Orbital<\/strong> hace un recorrido por los grandes \u00e9xitos del pop y rock, con arreglos sobre canciones de Sting, The Beatles, Elvis Costello o\u00a0\u00a0David Bowie, adem\u00e1s de alg\u00fan tema de creaci\u00f3n de la propia banda Gestido, en un formato de m\u00fasica de c\u00e1mara cl\u00e1sico: cuarteto de cuerda, voz y piano.<\/p>\n<p>La finalidad de este proyecto va m\u00e1s all\u00e1 del ansia por explorar de los propios m\u00fasicos. Trata de eliminar barreras dando a conocer lo magistral de este repertorio a un p\u00fablico cl\u00e1sico a la vez que acercar la m\u00fasica de c\u00e1mara a un p\u00fablico popular.<\/p>\n\n<p>Programa (provisional):<\/p>\n\n<p>Elvis Costello: <em>For other eyes<\/em><\/p>\n<p>John Barry\/Nancy Sinatra: <em>You only live twice<\/em><\/p>\n<p>Kurt Weil: <em>Alaba Song<\/em><\/p>\n<p>The Turtles: <em>Happy Together<\/em><\/p>\n<p>Billy Withers: <em>Ain&#8217;t no sunshine when she&#8217;s gone<\/em><\/p>\n<p>The Beatles: <em>Eleanor Rigby<\/em><\/p>\n<p>Neil Young: <em>Harvest moon<\/em><\/p>\n<p>Gestido: <em>Nada es lo de ayer<\/em><\/p>\n<p>Gestido: <em>Emmanuelle<\/em><\/p>\n<p>Gestido: <em>Ahora s\u00e9<\/em><\/p>\n<p>Gestido: <em>Crawley<\/em><\/p>\n<p>Stevie Wonder: <em>Higher Ground<\/em><\/p>\n<p>ABBA: <em>Gimme gimme gimme<\/em><\/p>\n<p>Alanis Morrisette; <em>Ironic<\/em><\/p>\n<p>Sting: <em>English Man in New York<\/em><\/p>\n<p>Pink Floyd: <em>Another Brick in the Wall<\/em><\/p>\n<p>David Bowie: <em>Life on Mars<\/em><\/p>\n<p>Queen: <em>Bohemian Rhapsody<\/em><\/p>\n\n<p>Entradas: 20 \u20ac<\/p>\n<p>Venta y reservas en el Museo Evaristo Valle y en la librer\u00eda La Buena Letra<\/p>\n\n<p><a href=\"https:\/\/evaristovalle.com\/?attachment_id=5117\" rel=\"attachment wp-att-5117\"><img loading=\"lazy\" decoding=\"async\" class=\"aligncenter size-large wp-image-5117\" src=\"https:\/\/evaristovalle.com\/wp-content\/uploads\/2019\/12\/Cartel-Ciclo-Navidad-1000px-684x1024.jpg\" alt=\"\" width=\"684\" height=\"1024\" srcset=\"https:\/\/evaristovalle.com\/wp-content\/uploads\/2019\/12\/Cartel-Ciclo-Navidad-1000px-684x1024.jpg 684w, https:\/\/evaristovalle.com\/wp-content\/uploads\/2019\/12\/Cartel-Ciclo-Navidad-1000px-200x300.jpg 200w, https:\/\/evaristovalle.com\/wp-content\/uploads\/2019\/12\/Cartel-Ciclo-Navidad-1000px-768x1150.jpg 768w, https:\/\/evaristovalle.com\/wp-content\/uploads\/2019\/12\/Cartel-Ciclo-Navidad-1000px-600x898.jpg 600w, https:\/\/evaristovalle.com\/wp-content\/uploads\/2019\/12\/Cartel-Ciclo-Navidad-1000px.jpg 1000w\" sizes=\"(max-width: 684px) 100vw, 684px\" \/><\/a><\/p>\n","protected":false},"excerpt":{"rendered":"<p>Retomamos los cl\u00e1sicos conciertos de Navidad\u00a0 para este mes de diciembre y primeros d\u00edas de 2020 con tres propuestas muy interesantes: Homenaje a Beethoven: Beethoven imaginado Mar\u00eda Cueva M\u00e9ndez y Jacobo de Miguel, piano S\u00e1bado, 14 de diciembre, 20.00 h Con motivo del 250 aniversario del nacimiento de Ludwig van Beethoven tenemos el placer de ofrecer un programa que creemos muy representativo de la personalidad art\u00edstica beethoveniana: las \u201cBagatelas op. 126\u201d y la \u201cSonata para piano op. 111\u201d. Ya desde el \u00e1mbito de la interpretaci\u00f3n cl\u00e1sica, ya desde el \u00e1mbito de la improvisaci\u00f3n ofreceremos nuestras elaboraciones propias de estas obras. Entradas: 15 \u20ac Venta y reservas en el Museo Evaristo [&hellip;]<\/p>\n","protected":false},"author":1,"featured_media":5119,"comment_status":"closed","ping_status":"open","sticky":false,"template":"","format":"standard","meta":{"footnotes":""},"categories":[13],"tags":[],"_links":{"self":[{"href":"https:\/\/evaristovalle.com\/en\/wp-json\/wp\/v2\/posts\/5113"}],"collection":[{"href":"https:\/\/evaristovalle.com\/en\/wp-json\/wp\/v2\/posts"}],"about":[{"href":"https:\/\/evaristovalle.com\/en\/wp-json\/wp\/v2\/types\/post"}],"author":[{"embeddable":true,"href":"https:\/\/evaristovalle.com\/en\/wp-json\/wp\/v2\/users\/1"}],"replies":[{"embeddable":true,"href":"https:\/\/evaristovalle.com\/en\/wp-json\/wp\/v2\/comments?post=5113"}],"version-history":[{"count":6,"href":"https:\/\/evaristovalle.com\/en\/wp-json\/wp\/v2\/posts\/5113\/revisions"}],"predecessor-version":[{"id":5143,"href":"https:\/\/evaristovalle.com\/en\/wp-json\/wp\/v2\/posts\/5113\/revisions\/5143"}],"wp:featuredmedia":[{"embeddable":true,"href":"https:\/\/evaristovalle.com\/en\/wp-json\/wp\/v2\/media\/5119"}],"wp:attachment":[{"href":"https:\/\/evaristovalle.com\/en\/wp-json\/wp\/v2\/media?parent=5113"}],"wp:term":[{"taxonomy":"category","embeddable":true,"href":"https:\/\/evaristovalle.com\/en\/wp-json\/wp\/v2\/categories?post=5113"},{"taxonomy":"post_tag","embeddable":true,"href":"https:\/\/evaristovalle.com\/en\/wp-json\/wp\/v2\/tags?post=5113"}],"curies":[{"name":"wp","href":"https:\/\/api.w.org\/{rel}","templated":true}]}}