{"id":5596,"date":"2021-01-28T17:29:10","date_gmt":"2021-01-28T16:29:10","guid":{"rendered":"https:\/\/evaristovalle.com\/?p=5596"},"modified":"2021-01-28T21:08:05","modified_gmt":"2021-01-28T20:08:05","slug":"v-29-enero-2021-aniversario-70-anos-sin-evaristo-valle","status":"publish","type":"post","link":"https:\/\/evaristovalle.com\/en\/v-29-enero-2021-aniversario-70-anos-sin-evaristo-valle\/","title":{"rendered":"V. 29 enero 2021 \/\/ Aniversario: 70 a\u00f1os sin Evaristo Valle"},"content":{"rendered":"<p>Como todos los a\u00f1os, el <strong>29 de enero<\/strong> es una fecha especial para el Museo Evaristo Valle, en la que conmemoramos no solo el aniversario de la muerte del pintor, sino su existencia y su legado.<\/p>\n<p>En 2021 queremos dedicar este d\u00eda a brindar por la vida y la salud, tal y como hace el propio Valle, acompa\u00f1ado de su hermano Antonio<em>,<\/em> en esta fotograf\u00eda tomada en la finca La Redonda (Somi\u00f3, Gij\u00f3n), hoy sede del Museo, hacia 1950.<\/p>\n\n<p><a href=\"https:\/\/evaristovalle.com\/?attachment_id=5601\" rel=\"attachment wp-att-5601\"><img loading=\"lazy\" decoding=\"async\" class=\"aligncenter size-full wp-image-5601\" src=\"https:\/\/evaristovalle.com\/wp-content\/uploads\/2021\/01\/Valle-en-La-Redonda-h1950_rec.jpg\" alt=\"\" width=\"490\" height=\"309\" srcset=\"https:\/\/evaristovalle.com\/wp-content\/uploads\/2021\/01\/Valle-en-La-Redonda-h1950_rec.jpg 490w, https:\/\/evaristovalle.com\/wp-content\/uploads\/2021\/01\/Valle-en-La-Redonda-h1950_rec-300x189.jpg 300w\" sizes=\"(max-width: 490px) 100vw, 490px\" \/><\/a><\/p>\n","protected":false},"excerpt":{"rendered":"<p>Como todos los a\u00f1os, el 29 de enero es una fecha especial para el Museo Evaristo Valle, en la que conmemoramos no solo el aniversario de la muerte del pintor, sino su existencia y su legado. En 2021 queremos dedicar este d\u00eda a brindar por la vida y la salud, tal y como hace el propio Valle, acompa\u00f1ado de su hermano Antonio, en esta fotograf\u00eda tomada en la finca La Redonda (Somi\u00f3, Gij\u00f3n), hoy sede del Museo, hacia 1950.<\/p>\n","protected":false},"author":1,"featured_media":5599,"comment_status":"closed","ping_status":"open","sticky":false,"template":"","format":"standard","meta":{"footnotes":""},"categories":[128],"tags":[],"_links":{"self":[{"href":"https:\/\/evaristovalle.com\/en\/wp-json\/wp\/v2\/posts\/5596"}],"collection":[{"href":"https:\/\/evaristovalle.com\/en\/wp-json\/wp\/v2\/posts"}],"about":[{"href":"https:\/\/evaristovalle.com\/en\/wp-json\/wp\/v2\/types\/post"}],"author":[{"embeddable":true,"href":"https:\/\/evaristovalle.com\/en\/wp-json\/wp\/v2\/users\/1"}],"replies":[{"embeddable":true,"href":"https:\/\/evaristovalle.com\/en\/wp-json\/wp\/v2\/comments?post=5596"}],"version-history":[{"count":4,"href":"https:\/\/evaristovalle.com\/en\/wp-json\/wp\/v2\/posts\/5596\/revisions"}],"predecessor-version":[{"id":5603,"href":"https:\/\/evaristovalle.com\/en\/wp-json\/wp\/v2\/posts\/5596\/revisions\/5603"}],"wp:featuredmedia":[{"embeddable":true,"href":"https:\/\/evaristovalle.com\/en\/wp-json\/wp\/v2\/media\/5599"}],"wp:attachment":[{"href":"https:\/\/evaristovalle.com\/en\/wp-json\/wp\/v2\/media?parent=5596"}],"wp:term":[{"taxonomy":"category","embeddable":true,"href":"https:\/\/evaristovalle.com\/en\/wp-json\/wp\/v2\/categories?post=5596"},{"taxonomy":"post_tag","embeddable":true,"href":"https:\/\/evaristovalle.com\/en\/wp-json\/wp\/v2\/tags?post=5596"}],"curies":[{"name":"wp","href":"https:\/\/api.w.org\/{rel}","templated":true}]}}