{"id":5656,"date":"2021-03-19T12:19:14","date_gmt":"2021-03-19T11:19:14","guid":{"rendered":"https:\/\/evaristovalle.com\/?p=5656"},"modified":"2021-03-20T02:26:19","modified_gmt":"2021-03-20T01:26:19","slug":"d-21-0-21-clausura-el-paisaje-en-la-coleccion-de-arte-contemporaneo-del-museo-evaristo-valle","status":"publish","type":"post","link":"https:\/\/evaristovalle.com\/en\/d-21-0-21-clausura-el-paisaje-en-la-coleccion-de-arte-contemporaneo-del-museo-evaristo-valle\/","title":{"rendered":"D. 21\/0\/21 \/\/ Clausura &#8220;El paisaje en la colecci\u00f3n de Arte Contempor\u00e1neo del Museo Evaristo Valle&#8221;"},"content":{"rendered":"<p>El pr\u00f3ximo domingo, 21 de marzo de 2021, se clausur\u00e1 de la exposici\u00f3n \u201cEl paisaje en la colecci\u00f3n de arte contempor\u00e1neo del Museo Evaristo Valle\u201d, instituci\u00f3n que desde su apertura, en Gij\u00f3n, en 1983, ha tenido una clara vocaci\u00f3n de apoyo y difusi\u00f3n del Arte Contempor\u00e1neo, fundamentalmente asturiano, fruto del cual se ha ido construyendo una extensa colecci\u00f3n de m\u00e1s un millar de obras procedentes de donaciones y dep\u00f3sitos de los artistas que durante estos 38 a\u00f1os han estado vinculados fuertemente con el Museo.<\/p>\n<p>Peri\u00f3dicamente y con distintos criterios, se han venido exponiendo estos fondos que en este caso tienen como hilo conductor el paisaje. Para esta muestra se han seleccionado una treintena de obras de otros tantos artistas (pintores, escultores, fot\u00f3grafos e ilustradores), ordenadas tem\u00e1tica y t\u00e9cnicamente en diferentes espacios, como son el paisaje del mar, el paisaje del viaje, el paisaje de la guerra, el paisaje natural, el paisaje en los libros e incluso el paisaje en el museo. Se ha reunido as\u00ed un sugerente y ecl\u00e9ctico mundo en el que se contrastan las formas, tan personal y diferente, en que estos artistas afrontan\u00a0<em>el paisaje<\/em>.<\/p>\n<p>Entre las obras expuestas se encuentran algunas de las \u00faltimas donaciones, como\u00a0<em>La Tuerba<\/em>\u00a0(1975) de Joaqu\u00edn Rubio Cam\u00edn,\u00a0<em>Estigia<\/em>\u00a0(2004) de Juan Ari\u00f1o,\u00a0<em>Pioggia<\/em>\u00a0(2009) de El\u00edas G. Benavides, o\u00a0<em>Sobre el paisaje\u2026 [bosque atrapado]<\/em>\u00a0tr\u00edptico (2015-2018) de H\u00e9ctor J\u00e1come.<\/p>\n<p>Artistas: Carlos Acu\u00f1a, Melquiades \u00c1lvarez, Jos\u00e9 Arias, Juan Ari\u00f1o, Christa Beissel, Joaqu\u00edn Rubio Cam\u00edn, Javier del R\u00edo, Reyes D\u00edaz, Jos\u00e9 Ferrero, Miguel Galano, El\u00edas Garc\u00eda Benavides, Gonzalo Gil, \u00c1ngel Guache, H\u00e9ctor J\u00e1come, Josefina Junco, Pablo Maojo, Roberto Mata, Marcos Morilla, Pelayo Ortega, Rodolfo Pico, Jos\u00e9 Luis Posada, Esteban Prendes, Ram\u00f3n Prendes, Antonio Saura, Guillermo Sim\u00f3n, Carmen Tamargo, Covadonga Vald\u00e9s Mor\u00e9.<\/p>\n<p>Esta exposici\u00f3n podr\u00e1 visitarse a\u00fan este fin de semana, en horario de s\u00e1bado y domingo de 12.00 a 14.00 h, con las oportunas medidas preventivas contra la COVID-19.<\/p>\n<p><iframe loading=\"lazy\" width=\"1172\" height=\"659\" src=\"https:\/\/www.youtube.com\/embed\/7vA9V9x-3C4?feature=oembed\" frameborder=\"0\" allow=\"accelerometer; autoplay; clipboard-write; encrypted-media; gyroscope; picture-in-picture\" allowfullscreen><\/iframe><\/p>\n","protected":false},"excerpt":{"rendered":"<p>El pr\u00f3ximo domingo, 21 de marzo de 2021, se clausur\u00e1 de la exposici\u00f3n \u201cEl paisaje en la colecci\u00f3n de arte contempor\u00e1neo del Museo Evaristo Valle\u201d, instituci\u00f3n que desde su apertura, en Gij\u00f3n, en 1983, ha tenido una clara vocaci\u00f3n de apoyo y difusi\u00f3n del Arte Contempor\u00e1neo, fundamentalmente asturiano, fruto del cual se ha ido construyendo una extensa colecci\u00f3n de m\u00e1s un millar de obras procedentes de donaciones y dep\u00f3sitos de los artistas que durante estos 38 a\u00f1os han estado vinculados fuertemente con el Museo. Peri\u00f3dicamente y con distintos criterios, se han venido exponiendo estos fondos que en este caso tienen como hilo conductor el paisaje. Para esta muestra se han [&hellip;]<\/p>\n","protected":false},"author":1,"featured_media":5270,"comment_status":"closed","ping_status":"open","sticky":false,"template":"","format":"standard","meta":{"footnotes":""},"categories":[129,14],"tags":[],"_links":{"self":[{"href":"https:\/\/evaristovalle.com\/en\/wp-json\/wp\/v2\/posts\/5656"}],"collection":[{"href":"https:\/\/evaristovalle.com\/en\/wp-json\/wp\/v2\/posts"}],"about":[{"href":"https:\/\/evaristovalle.com\/en\/wp-json\/wp\/v2\/types\/post"}],"author":[{"embeddable":true,"href":"https:\/\/evaristovalle.com\/en\/wp-json\/wp\/v2\/users\/1"}],"replies":[{"embeddable":true,"href":"https:\/\/evaristovalle.com\/en\/wp-json\/wp\/v2\/comments?post=5656"}],"version-history":[{"count":1,"href":"https:\/\/evaristovalle.com\/en\/wp-json\/wp\/v2\/posts\/5656\/revisions"}],"predecessor-version":[{"id":5658,"href":"https:\/\/evaristovalle.com\/en\/wp-json\/wp\/v2\/posts\/5656\/revisions\/5658"}],"wp:featuredmedia":[{"embeddable":true,"href":"https:\/\/evaristovalle.com\/en\/wp-json\/wp\/v2\/media\/5270"}],"wp:attachment":[{"href":"https:\/\/evaristovalle.com\/en\/wp-json\/wp\/v2\/media?parent=5656"}],"wp:term":[{"taxonomy":"category","embeddable":true,"href":"https:\/\/evaristovalle.com\/en\/wp-json\/wp\/v2\/categories?post=5656"},{"taxonomy":"post_tag","embeddable":true,"href":"https:\/\/evaristovalle.com\/en\/wp-json\/wp\/v2\/tags?post=5656"}],"curies":[{"name":"wp","href":"https:\/\/api.w.org\/{rel}","templated":true}]}}