{"id":5916,"date":"2021-11-04T09:53:30","date_gmt":"2021-11-04T08:53:30","guid":{"rendered":"https:\/\/evaristovalle.com\/?p=5916"},"modified":"2021-11-05T12:27:05","modified_gmt":"2021-11-05T11:27:05","slug":"conferencia-fundacion-museo-evaristo-valle-40-anos-un-comienzo-a-cargo-de-gretel-piquer","status":"publish","type":"post","link":"https:\/\/evaristovalle.com\/en\/v-5-nov-2021-conferencia-en-el-ateneo-jovellanos-fundacion-museo-evaristo-valle-40-anos-un-comienzo-por-gretel-piquer-viniegra\/","title":{"rendered":"V. 5 nov 2021. 19.00 h \/\/ Conferencia en el Ateneo Jovellanos: &#8220;Fundaci\u00f3n Museo Evaristo Valle: 40 a\u00f1os, un comienzo&#8221;, por Gretel Piquer Viniegra"},"content":{"rendered":"<div class=\"wcs-modal__content\">\n<p>El <a href=\"https:\/\/ateneojovellanos.es\/actividades\/\"><strong>Ateneo Jovellanos<\/strong><\/a> ofreece este viernes, 5 de noviembre de 2021, a las 19.00 h, la conferencia &#8220;<strong>Fundaci\u00f3n Museo Evaristo Valle: 40 a\u00f1os, un comienzo<\/strong>&#8221; a cargo de Gretel Piquier Viniegra, incluida en el ciclo \u00abMuseos de Gij\u00f3n, escaparate de la cultura\u00bb y que se completar\u00e1 con una visita guiada al Museo, el mi\u00e9rcoles 10 de noviembre, a las 11.00 h.<\/p>\n<p>La <strong>Fundaci\u00f3n Museo Evaristo Valle<\/strong> es un museo dedicado a la trayectoria y obra del pintor gijon\u00e9s <strong>Evaristo Valle<\/strong>. Fundada en 1981, su art\u00edfice principal fue Mar\u00eda Rodr\u00edguez del Valle, sobrina del artista. El museo, inaugurado el 5 de marzo de 1983, acoge obras del pintor gijon\u00e9s, pero tambi\u00e9n ha organizado exposiciones temporales sobre otros artistas. Ha sido galardonado con la Medalla de Honor de la Real Academia de San Fernando en 1984 y con una Menci\u00f3n de Honor del Consejo de Europa a trav\u00e9s de su comit\u00e9 para el \u00abpremio del museo europeo del a\u00f1o\u00bb en 1985. Fue declarado bien de inter\u00e9s cultural el 24 de julio de 2015.<\/p>\n<p>En el \u00faltimo cuarto del siglo XIX, con la industrializaci\u00f3n de la regi\u00f3n y el retorno de los emigrados enriquecidos, surgi\u00f3 en Asturias, y por ende en Gij\u00f3n, una burgues\u00eda que pod\u00eda demandar obras de arte. Sus g\u00e9neros preferidos, el paisaje y el cuadro de costumbres, propiciaron la perpetuaci\u00f3n de un gusto por el realismo y el naturalismo pict\u00f3ricos, y posteriormente una fascinaci\u00f3n por el \u201csorollismo\u201d, que solo ser\u00edan superados con la generaci\u00f3n de Evaristo Valle y Nicanor Pi\u00f1ole, ya en la primera d\u00e9cada del siglo XX.<\/p>\n<p>Gretel Piquer Viniegra es Doctora en Historia del Arte por la Universidad de Oviedo, por su tesis \u00abEl pintor Evaristo Valle. Vida y obra (1873-1951)\u00bb.\u00a0Como investigadora predoctoral con una beca del programa de Formaci\u00f3n del Profesorado Universitario del Ministerio de Educaci\u00f3n y Cultura, fue docente en la Universidad de Oviedo. Asimismo, una estancia de investigaci\u00f3n en el Museo de Orsay le permiti\u00f3 profundizar en el estudio de las condiciones de vida y aprendizaje de los pintores espa\u00f1oles en Par\u00eds durante la primera d\u00e9cada del siglo XX.<br \/>\nEs responsable de Archivo y Documentaci\u00f3n en la Fundaci\u00f3n Museo Evaristo Valle, donde ha comisariado las exposiciones Evaristo Valle y Regi\u00f3n. Revista de Asturias (2011), El Greco en la obra de Evaristo Valle (2014), Evaristo Valle en familia (2017), Valle y los maestros (2018) y 140 a\u00f1os de El Comercio. Evaristo Valle, corresponsal y redactor gr\u00e1fico (2018). En el Museo Evaristo Valle tambi\u00e9n ha impartido diversas conferencias, as\u00ed como en el Museo Nicanor Pi\u00f1ole, Museo de Bellas Artes de Asturias, ATM Galer\u00eda y Club La Nueva Espa\u00f1a.<br \/>\nAutora de diversos trabajos en revistas especializadas, cat\u00e1logos, congresos y jornadas de investigaci\u00f3n entre 2010 y 2018, algunas sus publicaciones m\u00e1s recientes son \u00abEl Greco en la obra de Evaristo Valle\u00bb (Fundaci\u00f3n Museo Evaristo Valle, 2014), 140 a\u00f1os de El Comercio. \u00abEvaristo Valle, corresponsal y redactor gr\u00e1fico\u00bb (Fundaci\u00f3n Museo Evaristo Valle, 2018) y los vol\u00famenes colectivos \u00abLos lugares del arte: identidad y representaci\u00f3n\u00bb (Universidad Complutense de Madrid \/ Laertes, 2014), \u00abLa formaci\u00f3n art\u00edstica: creadores-historiadores-espectadores\u00bb (Universidad de Cantabria, 2018) o \u00abCreatividad, fantas\u00eda, an\u00e9cdota e ideaci\u00f3n. Curiosidades est\u00e9ticas e historiogr\u00e1ficas en el Arte y la Cultura visual\u00bb (Aguja de Palacio Ediciones, 2018).<\/p>\n<\/div>\n\n<p><strong>Conferencia: &#8220;<\/strong>Fundaci\u00f3n Museo Evaristo Valle: 40 a\u00f1os, un comienzo&#8221;. A cargo de Gretel Piquer Viniegra, doctora en Historia del Arte<\/p>\n<p><strong>Lugar:<\/strong> Ateneo Jovellanos. Edificio Escuela de Comercio, vest\u00edbulo 2\u00aa planta. Calle Tom\u00e1s y Valiente, 1. Gij\u00f3n<\/p>\n<p><strong>Fecha<\/strong>: Viernes, 5 de noviembre de 2021<\/p>\n<p><strong>Hora<\/strong>: 19.00 h<\/p>\n\n\n<p>Foto: Carolina Barrio<\/p>\n\n<p><a href=\"https:\/\/evaristovalle.com\/?attachment_id=5924\" rel=\"attachment wp-att-5924\"><img loading=\"lazy\" decoding=\"async\" class=\"alignleft size-large wp-image-5924\" src=\"https:\/\/evaristovalle.com\/wp-content\/uploads\/2021\/11\/Invitacion-Ateneo-Jovellanos-356x1024.jpg\" alt=\"\" width=\"356\" height=\"1024\" srcset=\"https:\/\/evaristovalle.com\/wp-content\/uploads\/2021\/11\/Invitacion-Ateneo-Jovellanos-356x1024.jpg 356w, https:\/\/evaristovalle.com\/wp-content\/uploads\/2021\/11\/Invitacion-Ateneo-Jovellanos-104x300.jpg 104w, https:\/\/evaristovalle.com\/wp-content\/uploads\/2021\/11\/Invitacion-Ateneo-Jovellanos.jpg 384w\" sizes=\"(max-width: 356px) 100vw, 356px\" \/><\/a><\/p>\n","protected":false},"excerpt":{"rendered":"<p>El Ateneo Jovellanos ofreece este viernes, 5 de noviembre de 2021, a las 19.00 h, la conferencia &#8220;Fundaci\u00f3n Museo Evaristo Valle: 40 a\u00f1os, un comienzo&#8221; a cargo de Gretel Piquier Viniegra, incluida en el ciclo \u00abMuseos de Gij\u00f3n, escaparate de la cultura\u00bb y que se completar\u00e1 con una visita guiada al Museo, el mi\u00e9rcoles 10 de noviembre, a las 11.00 h. La Fundaci\u00f3n Museo Evaristo Valle es un museo dedicado a la trayectoria y obra del pintor gijon\u00e9s Evaristo Valle. Fundada en 1981, su art\u00edfice principal fue Mar\u00eda Rodr\u00edguez del Valle, sobrina del artista. El museo, inaugurado el 5 de marzo de 1983, acoge obras del pintor gijon\u00e9s, pero tambi\u00e9n [&hellip;]<\/p>\n","protected":false},"author":1,"featured_media":5918,"comment_status":"closed","ping_status":"open","sticky":false,"template":"","format":"standard","meta":{"footnotes":""},"categories":[130,128,133],"tags":[],"_links":{"self":[{"href":"https:\/\/evaristovalle.com\/en\/wp-json\/wp\/v2\/posts\/5916"}],"collection":[{"href":"https:\/\/evaristovalle.com\/en\/wp-json\/wp\/v2\/posts"}],"about":[{"href":"https:\/\/evaristovalle.com\/en\/wp-json\/wp\/v2\/types\/post"}],"author":[{"embeddable":true,"href":"https:\/\/evaristovalle.com\/en\/wp-json\/wp\/v2\/users\/1"}],"replies":[{"embeddable":true,"href":"https:\/\/evaristovalle.com\/en\/wp-json\/wp\/v2\/comments?post=5916"}],"version-history":[{"count":6,"href":"https:\/\/evaristovalle.com\/en\/wp-json\/wp\/v2\/posts\/5916\/revisions"}],"predecessor-version":[{"id":5925,"href":"https:\/\/evaristovalle.com\/en\/wp-json\/wp\/v2\/posts\/5916\/revisions\/5925"}],"wp:featuredmedia":[{"embeddable":true,"href":"https:\/\/evaristovalle.com\/en\/wp-json\/wp\/v2\/media\/5918"}],"wp:attachment":[{"href":"https:\/\/evaristovalle.com\/en\/wp-json\/wp\/v2\/media?parent=5916"}],"wp:term":[{"taxonomy":"category","embeddable":true,"href":"https:\/\/evaristovalle.com\/en\/wp-json\/wp\/v2\/categories?post=5916"},{"taxonomy":"post_tag","embeddable":true,"href":"https:\/\/evaristovalle.com\/en\/wp-json\/wp\/v2\/tags?post=5916"}],"curies":[{"name":"wp","href":"https:\/\/api.w.org\/{rel}","templated":true}]}}