{"id":5930,"date":"2021-11-09T13:31:23","date_gmt":"2021-11-09T12:31:23","guid":{"rendered":"https:\/\/evaristovalle.com\/?p=5930"},"modified":"2021-11-09T13:31:23","modified_gmt":"2021-11-09T12:31:23","slug":"d-14-nov-2021-12-30-h-un-viaje-al-pasado-jardines-historicos-de-la-redonda-y-un-acercamiento-a-evaristo-valle-visita-guiada-con-ra-martinez-penela","status":"publish","type":"post","link":"https:\/\/evaristovalle.com\/en\/d-14-nov-2021-12-30-h-un-viaje-al-pasado-jardines-historicos-de-la-redonda-y-un-acercamiento-a-evaristo-valle-visita-guiada-con-ra-martinez-penela\/","title":{"rendered":"D. 14 nov 2021, 12.30 h \/\/ Un viaje al pasado: Jardines Hist\u00f3ricos de la Redonda y un acercamiento a Evaristo Valle. Visita guiada con Ra Mart\u00ednez Penela"},"content":{"rendered":"<h3 style=\"text-align: center;\"><span style=\"color: #993300;\"><strong>Un viaje al pasado:<\/strong><\/span><\/h3>\n<h3 style=\"text-align: center;\"><span style=\"color: #993300;\"><strong>Jardines Hist\u00f3ricos de la Redonda y un acercamiento a Evaristo Valle<\/strong><\/span><\/h3>\n<p style=\"text-align: center;\">Visita guiada con Ra Mart\u00ednez Penela<\/p>\n<p style=\"text-align: center;\">\n<p style=\"text-align: center;\">Domingo, 14 de noviembre de 2021, 12.30 horas<\/p>\n\n<p>La historiadora Ra Mart\u00ednez Penela, alumna en pr\u00e1cticas de Promoci\u00f3n Tur\u00edstica Local e Informaci\u00f3n al Visitante de ASATA, nos propone un paseo por los <strong>jardines hist\u00f3ricos<\/strong> de La Redonda, donde conoceremos su origen, as\u00ed como los cambios que han experimentando a lo largo del tiempo. Un viaje por el mundo a trav\u00e9s de sus especies.<\/p>\n<p>Mart\u00ednez Penela, a trav\u00e9s de su propia experiencia en el Museo, nos invitar\u00e1 adem\u00e1s a acercarnos a la vida de <strong>Evaristo Valle<\/strong> a trav\u00e9s de su obra: los avatares que nos har\u00e1n comprender la genialidad de su pintura; el joven Evaristo, entusiasta y con ganas de conocer mundo; sus crisis de agorafobia que le hacen recluirse pero que no frenan su creatividad; sus viajes como foco de inspiraci\u00f3n y, por \u00faltimo, el resurgir de su obra, tras la guerra civil, de la mano de uno de sus m\u00e1s fervientes admiradores, el\u00a0 historiador Enrique Lafuente Ferrari.<\/p>\n<p>Visita guiada incluida en el precio de la entrada.<\/p>\n<p>Plazas limitadas. Imprescindible reserva previa a trav\u00e9s del tel\u00e9fono 985334000 o el correo electr\u00f3nico <a href=\"mailto:museo@evaristovalle.com\">museo@evaristovalle.com<\/a>.<\/p>\n\n","protected":false},"excerpt":{"rendered":"<p>Un viaje al pasado: Jardines Hist\u00f3ricos de la Redonda y un acercamiento a Evaristo Valle Visita guiada con Ra Mart\u00ednez Penela Domingo, 14 de noviembre de 2021, 12.30 horas La historiadora Ra Mart\u00ednez Penela, alumna en pr\u00e1cticas de Promoci\u00f3n Tur\u00edstica Local e Informaci\u00f3n al Visitante de ASATA, nos propone un paseo por los jardines hist\u00f3ricos de La Redonda, donde conoceremos su origen, as\u00ed como los cambios que han experimentando a lo largo del tiempo. Un viaje por el mundo a trav\u00e9s de sus especies. Mart\u00ednez Penela, a trav\u00e9s de su propia experiencia en el Museo, nos invitar\u00e1 adem\u00e1s a acercarnos a la vida de Evaristo Valle a trav\u00e9s de su [&hellip;]<\/p>\n","protected":false},"author":1,"featured_media":246,"comment_status":"closed","ping_status":"open","sticky":false,"template":"","format":"standard","meta":{"footnotes":""},"categories":[128,127],"tags":[],"_links":{"self":[{"href":"https:\/\/evaristovalle.com\/en\/wp-json\/wp\/v2\/posts\/5930"}],"collection":[{"href":"https:\/\/evaristovalle.com\/en\/wp-json\/wp\/v2\/posts"}],"about":[{"href":"https:\/\/evaristovalle.com\/en\/wp-json\/wp\/v2\/types\/post"}],"author":[{"embeddable":true,"href":"https:\/\/evaristovalle.com\/en\/wp-json\/wp\/v2\/users\/1"}],"replies":[{"embeddable":true,"href":"https:\/\/evaristovalle.com\/en\/wp-json\/wp\/v2\/comments?post=5930"}],"version-history":[{"count":1,"href":"https:\/\/evaristovalle.com\/en\/wp-json\/wp\/v2\/posts\/5930\/revisions"}],"predecessor-version":[{"id":5931,"href":"https:\/\/evaristovalle.com\/en\/wp-json\/wp\/v2\/posts\/5930\/revisions\/5931"}],"wp:featuredmedia":[{"embeddable":true,"href":"https:\/\/evaristovalle.com\/en\/wp-json\/wp\/v2\/media\/246"}],"wp:attachment":[{"href":"https:\/\/evaristovalle.com\/en\/wp-json\/wp\/v2\/media?parent=5930"}],"wp:term":[{"taxonomy":"category","embeddable":true,"href":"https:\/\/evaristovalle.com\/en\/wp-json\/wp\/v2\/categories?post=5930"},{"taxonomy":"post_tag","embeddable":true,"href":"https:\/\/evaristovalle.com\/en\/wp-json\/wp\/v2\/tags?post=5930"}],"curies":[{"name":"wp","href":"https:\/\/api.w.org\/{rel}","templated":true}]}}