{"id":5933,"date":"2021-11-11T13:57:25","date_gmt":"2021-11-11T12:57:25","guid":{"rendered":"https:\/\/evaristovalle.com\/?p=5933"},"modified":"2021-12-03T14:05:22","modified_gmt":"2021-12-03T13:05:22","slug":"40-aniversario-de-la-constitucion-del-museo-evaristo-valle-programa-de-actividades-diciembre-2021","status":"publish","type":"post","link":"https:\/\/evaristovalle.com\/en\/40-aniversario-de-la-constitucion-del-museo-evaristo-valle-programa-de-actividades-diciembre-2021\/","title":{"rendered":"40 aniversario de la constituci\u00f3n del Museo Evaristo Valle. Programa de actividades diciembre 2021"},"content":{"rendered":"<p><span style=\"color: #993300;\">A los 40 a\u00f1os<\/span> de su constituci\u00f3n, el 28 de diciembre de 1981, la Fundaci\u00f3n Museo Evaristo Valle contin\u00faa cumpliendo con los designios de su fundadora, Mar\u00eda Rodr\u00edguez del Valle, sobrina del pintor, de estudiar y preservar el legado del artista, a la par que promover toda actividad cultural.<\/p>\n<p>Cuarenta a\u00f1os, m\u00e1s de medio millar de exposiciones, miles de actividades culturales, musicales y educativas despu\u00e9s, el Museo Evaristo Valle contin\u00faa con su labor por la excelencia cultural. Una dedicaci\u00f3n distinguida al m\u00e1s alto nivel por instituciones europeas, nacionales y regionales.<\/p>\n<p>Para conmemorar este aniversario, se han programado los siguientes actos, que tendr\u00e1n lugar en el museo durante el mes de diciembre:<\/p>\n\n<h3 style=\"text-align: center;\"><span style=\"color: #993300;\"><strong>Fundaci\u00f3n Museo Evaristo Valle<\/strong><\/span><\/h3>\n<h3 style=\"text-align: center;\"><span style=\"color: #993300;\"><strong>40 aniversario<\/strong><\/span><\/h3>\n<p style=\"text-align: center;\">Programa de actividades<\/p>\n\n<p><span style=\"color: #993300;\"><strong>Conferencia: <\/strong><strong>\u201cFundaci\u00f3n Museo Evaristo Valle: 40 a\u00f1os por amor al arte\u201d<\/strong><\/span><\/p>\n<p>Viernes, 10 de diciembre de 2021, 19.00 horas<\/p>\n<p>Por Gretel Piquer Viniegra, doctora en Historia del Arte por la Universidad de Oviedo y responsable de archivo y documentaci\u00f3n del Museo Evaristo Valle.<\/p>\n<p>Hablar de la Fundaci\u00f3n Museo Evaristo Valle es hacerlo del porqu\u00e9 de su existencia, de lo especial del lugar en el que est\u00e1 ubicada, de sus contenidos y actividades y del trabajo diario y constante de un equipo humano a lo largo de cuarenta a\u00f1os, con una dedicaci\u00f3n que no entiende de crisis y s\u00ed de vocaci\u00f3n de futuro.<\/p>\n\n<p><span style=\"color: #993300;\"><strong>Caf\u00e9-tertulia con Melqu\u00edades \u00c1lvarez<\/strong><\/span><\/p>\n<p>S\u00e1bado, 11 de diciembre de 2021, 19.00 horas<\/p>\n<p>Siguiendo la tradici\u00f3n de las tertulias literarias como las del Caf\u00e9 de Pombo, el Caf\u00e9 Gij\u00f3n o el Nuevo Caf\u00e9 de Levante, algunas de las cuales el propio Evaristo Valle frecuent\u00f3, el programa\u00a0<em>Caf\u00e9-tertulia<\/em> propone una manera diferente de acercarse a las obras de arte, pudiendo conversar directamente con sus autores, planteando preguntas o intercambiando opiniones en torno a un caf\u00e9.<\/p>\n<p>En este caso, el caf\u00e9-tertulia\u00a0girar\u00e1 en torno a la exposici\u00f3n de Melqu\u00edades \u00c1lvarez \u201cRetratos y otras figuras en el espacio\u201d, comenzando con una visita a la muestra, para despu\u00e9s conversar con el pintor sobre su obra, sus inquietudes, sus influencias o la evoluci\u00f3n de su trabajo en el tiempo.<\/p>\n<p><strong>\u00a0<\/strong><\/p>\n<p><span style=\"color: #993300;\"><strong>Conferencia: <\/strong><strong>\u201cLa Fundaci\u00f3n Museo Evaristo Valle. <\/strong><strong>Del homenaje \u00edntimo y familiar al compromiso con la cultura y Asturias\u201d<\/strong><\/span><\/p>\n<p>Viernes, 17 de diciembre de 2021, 19.00 horas<\/p>\n<p>Por Beatriz L\u00f3pez Rubio, licenciada en Historia del Arte por la Universidad de Granada y doctoranda con un proyecto de tesis sobre la gesti\u00f3n de los museos y su desarrollo en la Espa\u00f1a democr\u00e1tica.<\/p>\n<p>En 2013, Beatriz L\u00f3pez Rubio dedic\u00f3 su trabajo fin de m\u00e1ster a la fundaci\u00f3n, bajo el t\u00edtulo <strong><em>Econom\u00eda de los Museos. Un estudio de caso sobre la Fundaci\u00f3n Museo Evaristo Valle (2002-2012)<\/em><\/strong><strong>. Ampliada su investigaci\u00f3n hasta fechas recientes, como parte de su proyecto de tesis doctoral, algunos de los contenidos de esta conferencia ya fueron presentados <\/strong>en el Museo Arqueol\u00f3gico Nacional, en el III Foro Ib\u00e9rico de Estudios Museol\u00f3gicos (2019), bajo el t\u00edtulo \u201cLa Fundaci\u00f3n Museo Evaristo Valle: el compromiso con Evaristo Valle, la cultura y Asturias\u201d.<\/p>\n\n<p><span style=\"color: #993300;\"><strong>Exposici\u00f3n: <\/strong><strong>\u201cEvaristo Valle. Dibujos, acuarelas, pasteles y litograf\u00edas. 1900-1950\u201d<\/strong><\/span><\/p>\n<p>Inauguraci\u00f3n: martes, 28 de diciembre de 2021, de 12.00 a 14.00 horas<\/p>\n<p>Despu\u00e9s de la hist\u00f3rica exposici\u00f3n \u201cEvaristo Valle (1873-1951). Dibujos\u201d, celebrada en 1986 en el Museo Nacional del Prado,\u00a0esta muestra ser\u00e1 una oportunidad \u00fanica para contemplar un conjunto significativo y amplio de la obra dibujada del pintor, que, por sus condiciones de conservaci\u00f3n, no suele ser mostrada con asiduidad. La exposici\u00f3n estar\u00e1 compuesta por un centenar de obras procedentes de los fondos del propio museo, que nos permitir\u00e1n aproximarnos al rico universo creador del artista y germen de toda su obra, a trav\u00e9s de una faceta inusual, poco conocida y escasamente representada en los museos y colecciones.<\/p>\n<p>Dentro de los actos llevados a cabo con motivo de esta exposici\u00f3n, se editar\u00e1 un\u00a0 facs\u00edmil del manuscrito <em>El trabajo y el capital<\/em> de Evaristo Valle, presentado por Gretel Piquer Viniegra.<\/p>\n\n<p><span style=\"color: #993300;\"><strong>M\u00fasica de c\u00e1mara: <\/strong><strong>Concierto 40 aniversario<\/strong><\/span><\/p>\n<p>Martes, 28 de diciembre de 2021, 20.00 horas<\/p>\n<p>Dirigido por Amayak Dourgarian, violinista de reconocido prestigio internacional miembro de los hist\u00f3ricos Virtuosos de Mosc\u00fa, pedagogo y director de orquesta, este concierto homenaje a los cuarenta a\u00f1os de la Fundaci\u00f3n Museo Evaristo Valle reunir\u00e1, y homenajear\u00e1 asimismo, a int\u00e9rpretes de diversas generaciones formados en la escuela rusa y estrechamente vinculados con el museo desde la llegada a Asturias de los Virtuosos de Mosc\u00fa en 1990.<\/p>\n\n<p>Aforos limitados<\/p>\n<p>Inscripciones y reservas: 985334000 \/ <a href=\"mailto:museo@evaristovalle.com\">E-mail<\/a><\/p>\n\n<p>Texto manuscrito: Evaristo Valle.<br \/>\nFotograf\u00edas: Pablo Basagoiti Brown (2021) e Isidoro Cortina Frade (1984). Archivo Museo Evaristo Valle<\/p>\n\n<p>Colabora: Ayuntamiento de Gij\u00f3n<\/p>\n\n<p><a href=\"https:\/\/evaristovalle.com\/?attachment_id=5956\" rel=\"attachment wp-att-5956\"><img loading=\"lazy\" decoding=\"async\" class=\"alignleft size-large wp-image-5956\" src=\"https:\/\/evaristovalle.com\/wp-content\/uploads\/2021\/11\/1983-FMEV--1024x803.jpg\" alt=\"\" width=\"1024\" height=\"803\" srcset=\"https:\/\/evaristovalle.com\/wp-content\/uploads\/2021\/11\/1983-FMEV--1024x803.jpg 1024w, https:\/\/evaristovalle.com\/wp-content\/uploads\/2021\/11\/1983-FMEV--300x235.jpg 300w, https:\/\/evaristovalle.com\/wp-content\/uploads\/2021\/11\/1983-FMEV--768x602.jpg 768w, https:\/\/evaristovalle.com\/wp-content\/uploads\/2021\/11\/1983-FMEV--600x470.jpg 600w\" sizes=\"(max-width: 1024px) 100vw, 1024px\" \/><\/a><\/p>\n\n","protected":false},"excerpt":{"rendered":"<p>A los 40 a\u00f1os de su constituci\u00f3n, el 28 de diciembre de 1981, la Fundaci\u00f3n Museo Evaristo Valle contin\u00faa cumpliendo con los designios de su fundadora, Mar\u00eda Rodr\u00edguez del Valle, sobrina del pintor, de estudiar y preservar el legado del artista, a la par que promover toda actividad cultural. Cuarenta a\u00f1os, m\u00e1s de medio millar de exposiciones, miles de actividades culturales, musicales y educativas despu\u00e9s, el Museo Evaristo Valle contin\u00faa con su labor por la excelencia cultural. Una dedicaci\u00f3n distinguida al m\u00e1s alto nivel por instituciones europeas, nacionales y regionales. Para conmemorar este aniversario, se han programado los siguientes actos, que tendr\u00e1n lugar en el museo durante el mes de [&hellip;]<\/p>\n","protected":false},"author":1,"featured_media":5955,"comment_status":"closed","ping_status":"open","sticky":false,"template":"","format":"standard","meta":{"footnotes":""},"categories":[130,129,13,128,14],"tags":[],"_links":{"self":[{"href":"https:\/\/evaristovalle.com\/en\/wp-json\/wp\/v2\/posts\/5933"}],"collection":[{"href":"https:\/\/evaristovalle.com\/en\/wp-json\/wp\/v2\/posts"}],"about":[{"href":"https:\/\/evaristovalle.com\/en\/wp-json\/wp\/v2\/types\/post"}],"author":[{"embeddable":true,"href":"https:\/\/evaristovalle.com\/en\/wp-json\/wp\/v2\/users\/1"}],"replies":[{"embeddable":true,"href":"https:\/\/evaristovalle.com\/en\/wp-json\/wp\/v2\/comments?post=5933"}],"version-history":[{"count":8,"href":"https:\/\/evaristovalle.com\/en\/wp-json\/wp\/v2\/posts\/5933\/revisions"}],"predecessor-version":[{"id":5957,"href":"https:\/\/evaristovalle.com\/en\/wp-json\/wp\/v2\/posts\/5933\/revisions\/5957"}],"wp:featuredmedia":[{"embeddable":true,"href":"https:\/\/evaristovalle.com\/en\/wp-json\/wp\/v2\/media\/5955"}],"wp:attachment":[{"href":"https:\/\/evaristovalle.com\/en\/wp-json\/wp\/v2\/media?parent=5933"}],"wp:term":[{"taxonomy":"category","embeddable":true,"href":"https:\/\/evaristovalle.com\/en\/wp-json\/wp\/v2\/categories?post=5933"},{"taxonomy":"post_tag","embeddable":true,"href":"https:\/\/evaristovalle.com\/en\/wp-json\/wp\/v2\/tags?post=5933"}],"curies":[{"name":"wp","href":"https:\/\/api.w.org\/{rel}","templated":true}]}}