{"id":6439,"date":"2023-02-14T19:13:22","date_gmt":"2023-02-14T18:13:22","guid":{"rendered":"https:\/\/evaristovalle.com\/?p=6439"},"modified":"2023-02-28T14:15:53","modified_gmt":"2023-02-28T13:15:53","slug":"25-febrero-y-3-de-marzo-de-2023-conciertos-jovenes-interpretes-40o-aniversario-de-la-fundacion-museo-evaristo-valle","status":"publish","type":"post","link":"https:\/\/evaristovalle.com\/en\/25-febrero-y-3-de-marzo-de-2023-conciertos-jovenes-interpretes-40o-aniversario-de-la-fundacion-museo-evaristo-valle\/","title":{"rendered":"25 febrero y 3 de marzo de 2023 \/\/ M\u00fasica de c\u00e1mara. J\u00f3venes Int\u00e9rpretes: Lys Duo y Laura Mota Pello"},"content":{"rendered":"<p>Desde su inauguraci\u00f3n, el 5 de marzo de 1983, el Museo Evaristo Valle ha acogido a una generaci\u00f3n de artistas asturianos que por aquellos a\u00f1os estaban en plena etapa de desarrollo o consolidaci\u00f3n de su arte. Muy pronto empez\u00f3 a darse cabida tambi\u00e9n a la m\u00fasica, tanto contempor\u00e1nea o experimental como sobre todo la m\u00fasica de c\u00e1mara con la llegada de los Virtuosos de Mosc\u00fa en 1990. Cuarenta a\u00f1os despu\u00e9s de aquella inauguraci\u00f3n y treinta y tres desde que los Virtuosos desembarcaran en Asturias, recibimos en nuestras salas a j\u00f3venes talentos locales que se formaron con esa generaci\u00f3n de m\u00fasicos, como es el caso de Susana Feito Sarmiento (Gij\u00f3n, 1998) o Laura Mota Pello (Oviedo, 2003).<\/p>\n\n<h3><span style=\"color: #993300;\"><strong>Lys Duo. <\/strong>L\u00e1zaro Fern\u00e1ndez, piano y Susana Feito, viol\u00edn<\/span><\/h3>\n<p>25 de febrero, 19.30 h<\/p>\n\n<p>Programa:<\/p>\n<p style=\"padding-left: 30px;\"><strong>Clara Wieck-Schumann<\/strong> (1819-1896)<\/p>\n<p style=\"padding-left: 30px;\"><em>Tres romanzas para viol\u00edn y piano<\/em><\/p>\n<p style=\"padding-left: 30px;\">Andante molto; II. Allegretto: Mit zartem Vortrage; III. Leidenschaflich<\/p>\n<p style=\"padding-left: 30px;\"><strong>Johannes Brahms<\/strong> (1833-1897)<\/p>\n<p style=\"padding-left: 30px;\"><em>Sonata para viol\u00edn y piano n. 1 Op. 78<\/em><\/p>\n<p style=\"padding-left: 30px;\">Vivace ma non troppo; II. Adagio; III. Allegro molto moderato<\/p>\n<p style=\"padding-left: 30px;\"><strong>Cesar Franck<\/strong> (1822-1890)<\/p>\n<p style=\"padding-left: 30px;\"><em>Sonata para viol\u00edn y piano en La Mayor<\/em><\/p>\n<p style=\"padding-left: 30px;\">Allegretto ben moderato; II. Allegro; III. Ben moderato: Recitativo-Fantasia;<\/p>\n<p style=\"padding-left: 30px;\">Allegretto poco mosso<\/p>\n\n<p><strong>Lys Duo<\/strong> es un d\u00fao de violin y piano asentado en Gante, B\u00e9lgica, formado por la violinista gijonesa <strong>Susana Feito<\/strong>, y por el pianista <strong>L\u00e1zaro Fern\u00e1ndez<\/strong>. Ambos estudiantes del m\u00e1ster de interpretaci\u00f3n en el KASK &amp; Conservatorium \/ School of Arts Gent, con los maestros Vitaly Samoshko y Lisa Jacobs. Recientemente han sido seleccionados por el conservatorio de Gante para recibir sendas <em>masterclasses<\/em> de Sibila Konstantinova y Patrick Ju\u0308dt, profesores del prestigioso ECMA (European Chamber Music Academy). Actualmente reciben clases de los profesores Florian Heyerick y Pieter Jansen.<\/p>\n<p><a href=\"https:\/\/evaristovalle.com\/?attachment_id=6440\" rel=\"attachment wp-att-6440\"><img loading=\"lazy\" decoding=\"async\" class=\"aligncenter size-medium wp-image-6440\" src=\"https:\/\/evaristovalle.com\/wp-content\/uploads\/2023\/02\/f0e0392820c72255b47273ca8431ff85-180x300.jpg\" alt=\"\" width=\"180\" height=\"300\" srcset=\"https:\/\/evaristovalle.com\/wp-content\/uploads\/2023\/02\/f0e0392820c72255b47273ca8431ff85-180x300.jpg 180w, https:\/\/evaristovalle.com\/wp-content\/uploads\/2023\/02\/f0e0392820c72255b47273ca8431ff85.jpg 576w\" sizes=\"(max-width: 180px) 100vw, 180px\" \/><\/a><\/p>\n\n<h3><span style=\"color: #993300;\"><strong>Recital de piano: Laura Mota Pello<\/strong><\/span><\/h3>\n<p>3 de marzo, 19.30 h<\/p>\n\n<p>Programa:<\/p>\n\n<p style=\"padding-left: 30px;\"><strong>J.S. Bach<\/strong> (1685-1750)<\/p>\n<p style=\"padding-left: 30px;\"><em>Obertura en estilo franc\u00e9s, BWV831 en Si menor<\/em><\/p>\n<p style=\"padding-left: 30px;\">Overture; II. Courante; III. Gavotte 1 y 2; IV. Passepied 1 y 2; V. Sarabande;<\/p>\n<p style=\"padding-left: 30px;\">Bourr\u00e9e 1 y 2; VII. Gigue; VIII. Echo<\/p>\n<p style=\"padding-left: 30px;\"><strong> Mendelssohn Bartholdy<\/strong> (1809-1847)<\/p>\n<p style=\"padding-left: 30px;\"><em>Fantas\u00eda Op. 28, \u201cSonata escocesa\u201d en Fa sostenido menor<\/em><\/p>\n<p style=\"padding-left: 30px;\">Con moto agitato; II. Allegro con moto; III. Presto<\/p>\n<p style=\"padding-left: 30px;\"><strong> Schumann<\/strong> (1810-1856)<\/p>\n<p style=\"padding-left: 30px;\"><em>Kreisleriana Op. 16<\/em><\/p>\n<p style=\"padding-left: 30px;\">\u00c4u\u00dferst bewegt; II. Sehr innig und nicht zu rasch; III. Sehr aufgeregt; IV. Sehr langsam; V. Sehr lebhaft; VI. Sehr langsam; VII. Sehr rasch; VIII. Schnell und spielend<\/p>\n\n<div id=\"attachment_6452\" style=\"width: 1034px\" class=\"wp-caption aligncenter\"><a href=\"https:\/\/evaristovalle.com\/?attachment_id=6452\" rel=\"attachment wp-att-6452\"><img loading=\"lazy\" decoding=\"async\" aria-describedby=\"caption-attachment-6452\" class=\"wp-image-6452 size-large\" src=\"https:\/\/evaristovalle.com\/wp-content\/uploads\/2023\/02\/da66b02a9448d8de6687d55b3669ee02-1024x768.jpg\" alt=\"\" width=\"1024\" height=\"768\" srcset=\"https:\/\/evaristovalle.com\/wp-content\/uploads\/2023\/02\/da66b02a9448d8de6687d55b3669ee02-1024x768.jpg 1024w, https:\/\/evaristovalle.com\/wp-content\/uploads\/2023\/02\/da66b02a9448d8de6687d55b3669ee02-300x225.jpg 300w, https:\/\/evaristovalle.com\/wp-content\/uploads\/2023\/02\/da66b02a9448d8de6687d55b3669ee02-768x576.jpg 768w, https:\/\/evaristovalle.com\/wp-content\/uploads\/2023\/02\/da66b02a9448d8de6687d55b3669ee02-600x450.jpg 600w, https:\/\/evaristovalle.com\/wp-content\/uploads\/2023\/02\/da66b02a9448d8de6687d55b3669ee02.jpg 1200w\" sizes=\"(max-width: 1024px) 100vw, 1024px\" \/><\/a><p id=\"caption-attachment-6452\" class=\"wp-caption-text\">Foto: \u00a9 Mar\u00eda D\u00edez<\/p><\/div>\n<p style=\"text-align: center;\">&#8212;&#8212;&#8212;&#8212;&#8212;&#8212;&#8212;&#8212;&#8212;&#8212;&#8212;&#8211;<\/p>\n\n<p><strong>INT\u00c9RPRETES:<\/strong><\/p>\n<p>Lys Duo:<\/p>\n<p><strong>Susana Feito Sarmiento<\/strong> (Gij\u00f3n, 1998), comenz\u00f3 sus estudios de viol\u00edn en el Conservatorio Profesional de M\u00fasica de Gij\u00f3n, donde obtuvo el XIII Premio J\u00f3venes Int\u00e9rpretes en 2016, permiti\u00e9ndole actuar de solista con la orquesta de dicho conservatorio. Finaliz\u00f3 sus estudios profesionales con el profesor Carlos Tagarro y realiz\u00f3 clases magistrales y de perfeccionamiento con Amaiak Dourgarian, Alexander Detisov, Eva Graubin, Suren Kachatryan, Valeria Zorina y Marina Gurzhiya, entre otros. Finaliz\u00f3 sus estudios superiores de viol\u00edn en el Conservatorio Superior de M\u00fasica Eduardo Mart\u00ednez Torner de Oviedo, en 2020, bajo la tutela de Yuriy Nasushkin, y, gracias a la beca erasmus que obtuvo en 2019, estudi\u00f3 en la Uniwersytet Fryderika Chopina de Varsovia, recibiendo all\u00ed clases de Christian Danowitz y Slawomir Tomasik. Tuvo la oportunidad de actuar como solista con orquesta en 2018 en el proyecto Unification of Cultures en convenio con el Conservatorio Superior de Oviedo, celebrado en la ciudad de Scierp, Polonia.<\/p>\n<p>Entre los a\u00f1os 2019 y 2020 colabor\u00f3 en varias ocasiones con la Orquesta Sinf\u00f3nica del Principado de Asturias y la Oviedo Filarmon\u00eda, actuando bajo la batuta de directores como Alain Guingal, Rossen Milanov, Carlos Miguel Prieto y Brett Mitchell, entre otros. Adem\u00e1s, ha compartido escenario con m\u00fasicos de la talla de Julian Rachlin, Krzysztof Penderecki, Sayaka Shoji, Nicolas Alstaedt, Ermonela Jaho y Elisabeth Leonskaja, y directores como Dima Slobodeniouk, Gustavo Gimeno, Miguel P\u00e9rez Sierra, Francois L\u00f3pez-Ferrer, Jaume Santonja, Roberto Gonz\u00e1lez-Monjas, Jos\u00e9 Trigueros, John Wilson, Erik Nielsen y Pablo Gonz\u00e1lez. Es miembro de la Joven Orquesta Nacional de Espa\u00f1a (JONDE), de la Youth Orchestra Flanders de B\u00e9lgica, y concertino en la Antwerps Jeugdorkest de B\u00e9lgica, y tambi\u00e9n particip\u00f3 con la Nationaal Jeugdorkest de Holanda. En 2021 particip\u00f3 con la Orchestre des Jeunes de la Mediterran\u00e9e de Francia en el Festival d\u2019Aix en Provence, bajo la direcci\u00f3n de Duncan Ward y coaches de la London Symphony Orchestra. A lo largo de su trayectoria musical, tambi\u00e9n particip\u00f3 con varias orquestas j\u00f3venes de Espa\u00f1a, como la Euskal Herriko Gazte Orkestra, la Joven Orquesta de Cantabria, y la Orquesta Joven de la Sinf\u00f3nica de Galicia. En esta \u00faltima form\u00f3 parte durante a\u00f1os, y le permiti\u00f3 recibir clases de numerosos m\u00fasicos de la Sinf\u00f3nica de Galicia, como Mihai Tanasesku, Ruslan Asanov, Deborah Hamburguer y Stefan Marinescu.<\/p>\n\n<p><strong>L\u00e1zaro Fern\u00e1ndez Mill\u00e1n<\/strong> (Lorca, 1999), inici\u00f3 sus estudios musicales en el Conservatorio Profesional Narciso Yepes de Lorca, donde finaliz\u00f3 las ense\u00f1anzas profesionales de piano con el profesor Ra\u00fal Mart\u00ednez Romero, obteniendo el Premio Extraordinario de Ense\u00f1anzas Art\u00edsticas Profesionales de la Regi\u00f3n de Murcia en la especialidad de piano. De 2017 a 2019 estudi\u00f3 con A. Kandelaki en el Conservatorio Superior de M\u00fasica Bonifacio Gil, de Badajoz. En junio de 2021 finaliz\u00f3 las ense\u00f1anzas superiores de M\u00fasica con Pilar Valero en el Conservatorio Superior de M\u00fasica Manuel Massotti Littel de Murcia, con las m\u00e1ximas calificaciones. A lo largo de su trayectoria, recibi\u00f3 numerosos premios nacionales e internacionales: el primer premio en el V Concurso Internacional de Piano Vila de X\u00e0bia (2017), el primer premio en la XV edici\u00f3n del Concurso Nacional de Piano Diputaci\u00f3n de Albacete (2017), el segundo y primer premio en las XVII y XVIII ediciones (respectivamente) del concurso Entre cuerdas y metales de Cartagena (2014 y 2015), el primer premio en la especialidad de m\u00fasica de c\u00e1mara en la XX edici\u00f3n del concurso Entre cuerdas y metales (2017), el primer premio en la tercera y cuarta ediciones del Concurso de J\u00f3venes Int\u00e9rpretes Villa de Molina (2012 y 2014), el tercer premio en el II Concurso Internacional Ciudad de Sevilla Julio Garc\u00eda Casas (2015) y el primer premio ex aequo del I Concurso de Interpretaci\u00f3n Manuel Massotti Littel en la modalidad individual en Murcia (2021).<\/p>\n<p>Realiz\u00f3 cursos de perfeccionamiento con los pianistas J. J. P\u00e9rez Torrecillas, Enmanuel Ferrer, P. Palezcny, Aquiles delle Vigne, M. Wladkowski, Y. Admoni, Nino Kereselidze, Ramiro Sanjin\u00e9s, Jerzy Romaniuk, Iv\u00e1n Citera, Eldar Nebolsin y David Kuyken, entre otros. Como solista, destacan las interpretaciones del <em>Concierto para piano y orquesta no. 11 en Re Mayor Hob. XVIII<\/em> de J. Haydn con la Orquesta de Ense\u00f1anzas Profesionales del Conservatorio Narciso Yepes de Lorca, el <em>Concierto para clave no. 5 en Fa menor BWV 1056<\/em> de J. S. Bach, con la Orquesta de C\u00e1mara de Cartagena, el primer movimiento del <em>Concierto para piano y orquesta no. 5 en Mi b Mayor op. 73<\/em> de L. V. Beethoven con la Orquesta de J\u00f3venes Ciudad de Murcia y el <em>Concierto no. 24 en Do menor K 491<\/em> de W. A. Mozart con la Orquesta Sinf\u00f3nica del Conservatorio Superior de M\u00fasica Manuel Massotti Littel de Murcia. En octubre de 2010 particip\u00f3 en un ciclo de conciertos organizado por la Embajada Polaca y la grabaci\u00f3n de un CD con obras de F. Chopin. Adem\u00e1s, particip\u00f3 en la interpretaci\u00f3n al clave de la integral de las Invenciones y Sinfon\u00edas de J. S. Bach, a cargo de los alumnos de clave del profesor Santiago Pereira en Badajoz en 2019.<\/p>\n<p style=\"text-align: center;\">&#8212;&#8212;&#8212;&#8212;&#8212;&#8212;&#8212;&#8212;&#8212;&#8212;&#8212;&#8212;&#8212;<\/p>\n\n<p><strong>Laura Mota Pello<\/strong><\/p>\n<p><strong>Laura Mota Pello<\/strong> (Oviedo, 2003), comenz\u00f3 a tocar el piano a los seis a\u00f1os en la Escuela de M\u00fasica Viva Tchaikovsky de Gij\u00f3n con la profesora Natalia Mazoun. Desde 2012 hasta 2018 contin\u00faa sus estudios de piano con el profesor Francisco Jaime Pant\u00edn. Ha recibido <em>masterclasses<\/em> con los profesores Josep Col\u00f3n, Jos\u00e9 Ram\u00f3n M\u00e9ndez, Joaqu\u00edn Soriano, Bruno Aprea, Douglas Humphreys, Christopher Guzman, Robert McDonald, Michel Beroff, Pavel Gililov, Hubert Rutkowski, Claudio Mart\u00ednez Mehner, Victor Rosembaum, Vera Vaidman, Nina Tichman, Aquilles Delle Vigne y Emanuel\u00a0 Krasovsky.<\/p>\n<p>Tambi\u00e9n recibe una beca de la Academia Internacional de M\u00fasica de Liechtenstein y participa en las semanas de m\u00fasica intensiva que se llevan a cabo all\u00ed. Ha obtenido primeros premios en el VIII Concurso Internacional de Piano \u201cAnt\u00f3n Garc\u00eda Abril\u201d, en el XV Concurso de Piano \u201cSanta Cecilia\u201d (Segovia), en el XXI Concurso Nacional de Piano \u201cCiutat de Carlet\u201d, en el V Concurso Internacional de Piano \u201cMar\u00eda Herrero\u201d de Granada y en el VI Concurso Nacional de Piano para J\u00f3venes Int\u00e9rpretes \u201cCiudad de Cuenca\u201d. Tambi\u00e9n obtuvo el Premio Especial \u201cPerfecto Garc\u00eda Chornet\u201d a la mejor interpretaci\u00f3n de m\u00fasica espa\u00f1ola y el 2\u00ba premio en el XXXII Concurso de Piano Ciudad de Linares \u201cMarisa Montiel\u201d. A los once a\u00f1os, debut\u00f3 con la Orquesta Filarmon\u00eda de Oviedo en el Auditorio de Oviedo. Ha dado recitales en Espa\u00f1a y en el extranjero, entre otros en el Museo Evaristo Valle de Gij\u00f3n, el Monasterio de Valdedi\u00f3s, el Centro Shigeru Kawai (Madrid), La Casa de la M\u00fasica de Mieres (Asturias), el Monasterio de Santa Mar\u00eda del Paular (Rascafr\u00eda, Madrid), el Jard\u00edn Bot\u00e1nico de Gij\u00f3n, la Sala Eutherpe (Le\u00f3n), el Teatro Jovellanos de Gij\u00f3n, el Auditorio de Le\u00f3n, el Museo Arqueol\u00f3gico de Oviedo, el Teatro Filarm\u00f3nica de Oviedo y el Auditorio de Oviedo. En 2013 fue invitada a ofrecer un recital de piano en el programa de TVE \u201cPizzicato\u201d. Ha participado en el Festival de M\u00fasica de Segovia en 2012, el Festival de M\u00fasica \u201cCl\u00e1sicos en Verano\u201d en Madrid, el Festival Internacional de Piano \u201cJos\u00e9 Luis Vega &#8216;Pelis&#8217;\u201d en Cand\u00e1s, en 2017, el XXII Festival Internacional de Piano \u201cEn Blanco y Negro\u201d en la Ciudad de M\u00e9xico y el Festival Internacional Mendelssohn en Hamburgo. Actualmente cursa sus estudios en la Hochschule f\u00fcr Musik und Tanz K\u00f6ln (Alemania).<\/p>\n\n<p><strong>Entrada<\/strong>: 15 \u20ac<\/p>\n<p>Disponibles en el <strong>Museo Evaristo Valle<\/strong> (985 33 40 00 \/ programaseducativos[arroba]evaristovalle.com) y en la librer\u00eda <strong>La Buena Letra<\/strong> de Gij\u00f3n<\/p>\n<p>Aforo limitado.<\/p>\n<p>Programas provisionales. Pueden estar sujetos a cambios<\/p>\n\n<p>Colaboran: <a href=\"https:\/\/www.gijon.es\/es\">Ayuntamiento de Gij\u00f3n<\/a>, <a href=\"https:\/\/escuelamusica-tchaikovsky.es\/\">Escuela Tchaikovsky<\/a> y Librer\u00eda <a href=\"https:\/\/www.facebook.com\/libreria.labuenaletra\/\">La Buena Letra<\/a>.<\/p>\n\n<p><a href=\"https:\/\/evaristovalle.com\/?attachment_id=6445\" rel=\"attachment wp-att-6445\"><img loading=\"lazy\" decoding=\"async\" class=\"aligncenter wp-image-6445 size-full\" src=\"https:\/\/evaristovalle.com\/wp-content\/uploads\/2023\/02\/Cartel-conciertos-40-aniversario.jpg\" alt=\"\" width=\"1200\" height=\"1697\" srcset=\"https:\/\/evaristovalle.com\/wp-content\/uploads\/2023\/02\/Cartel-conciertos-40-aniversario.jpg 1200w, https:\/\/evaristovalle.com\/wp-content\/uploads\/2023\/02\/Cartel-conciertos-40-aniversario-212x300.jpg 212w, https:\/\/evaristovalle.com\/wp-content\/uploads\/2023\/02\/Cartel-conciertos-40-aniversario-768x1086.jpg 768w, https:\/\/evaristovalle.com\/wp-content\/uploads\/2023\/02\/Cartel-conciertos-40-aniversario-724x1024.jpg 724w, https:\/\/evaristovalle.com\/wp-content\/uploads\/2023\/02\/Cartel-conciertos-40-aniversario-600x849.jpg 600w\" sizes=\"(max-width: 1200px) 100vw, 1200px\" \/><\/a><\/p>\n","protected":false},"excerpt":{"rendered":"<p>Desde su inauguraci\u00f3n, el 5 de marzo de 1983, el Museo Evaristo Valle ha acogido a una generaci\u00f3n de artistas asturianos que por aquellos a\u00f1os estaban en plena etapa de desarrollo o consolidaci\u00f3n de su arte. Muy pronto empez\u00f3 a darse cabida tambi\u00e9n a la m\u00fasica, tanto contempor\u00e1nea o experimental como sobre todo la m\u00fasica de c\u00e1mara con la llegada de los Virtuosos de Mosc\u00fa en 1990. Cuarenta a\u00f1os despu\u00e9s de aquella inauguraci\u00f3n y treinta y tres desde que los Virtuosos desembarcaran en Asturias, recibimos en nuestras salas a j\u00f3venes talentos locales que se formaron con esa generaci\u00f3n de m\u00fasicos, como es el caso de Susana Feito Sarmiento (Gij\u00f3n, 1998) [&hellip;]<\/p>\n","protected":false},"author":1,"featured_media":6452,"comment_status":"closed","ping_status":"open","sticky":false,"template":"","format":"standard","meta":{"footnotes":""},"categories":[130,13],"tags":[],"_links":{"self":[{"href":"https:\/\/evaristovalle.com\/en\/wp-json\/wp\/v2\/posts\/6439"}],"collection":[{"href":"https:\/\/evaristovalle.com\/en\/wp-json\/wp\/v2\/posts"}],"about":[{"href":"https:\/\/evaristovalle.com\/en\/wp-json\/wp\/v2\/types\/post"}],"author":[{"embeddable":true,"href":"https:\/\/evaristovalle.com\/en\/wp-json\/wp\/v2\/users\/1"}],"replies":[{"embeddable":true,"href":"https:\/\/evaristovalle.com\/en\/wp-json\/wp\/v2\/comments?post=6439"}],"version-history":[{"count":11,"href":"https:\/\/evaristovalle.com\/en\/wp-json\/wp\/v2\/posts\/6439\/revisions"}],"predecessor-version":[{"id":6455,"href":"https:\/\/evaristovalle.com\/en\/wp-json\/wp\/v2\/posts\/6439\/revisions\/6455"}],"wp:featuredmedia":[{"embeddable":true,"href":"https:\/\/evaristovalle.com\/en\/wp-json\/wp\/v2\/media\/6452"}],"wp:attachment":[{"href":"https:\/\/evaristovalle.com\/en\/wp-json\/wp\/v2\/media?parent=6439"}],"wp:term":[{"taxonomy":"category","embeddable":true,"href":"https:\/\/evaristovalle.com\/en\/wp-json\/wp\/v2\/categories?post=6439"},{"taxonomy":"post_tag","embeddable":true,"href":"https:\/\/evaristovalle.com\/en\/wp-json\/wp\/v2\/tags?post=6439"}],"curies":[{"name":"wp","href":"https:\/\/api.w.org\/{rel}","templated":true}]}}