{"id":6648,"date":"2023-08-22T12:37:58","date_gmt":"2023-08-22T10:37:58","guid":{"rendered":"https:\/\/evaristovalle.com\/?p=6648"},"modified":"2023-08-22T12:40:50","modified_gmt":"2023-08-22T10:40:50","slug":"d-3-9-2023-12-30-h-recital-de-violin-viola-y-piano-ciclo-jovenes-interpretes-enrique-vega-miranda-violin-tigran-danielyan-ojikyan-viola-maria-cueva-mendez-piano","status":"publish","type":"post","link":"https:\/\/evaristovalle.com\/en\/d-3-9-2023-12-30-h-recital-de-violin-viola-y-piano-ciclo-jovenes-interpretes-enrique-vega-miranda-violin-tigran-danielyan-ojikyan-viola-maria-cueva-mendez-piano\/","title":{"rendered":"D. 3\/9\/2023, 12.30 h \/\/  Ciclo j\u00f3venes int\u00e9rpretes: Recital de viol\u00edn, viola y piano. Enrique Vega Miranda, Tigr\u00e1n Daniely\u00e1n y Mar\u00eda Cueva M\u00e9ndez."},"content":{"rendered":"<h5 style=\"text-align: center;\"><strong>Ciclo j\u00f3venes int\u00e9rpretes<\/strong><\/h5>\n<h3 style=\"text-align: center;\"><span style=\"color: #993300;\"><strong>Recital de viol\u00edn, viola y piano<\/strong><\/span><\/h3>\n<p style=\"text-align: center;\">Enrique Vega Miranda, <em>viol\u00edn<\/em>; Tigr\u00e1n Daniely\u00e1n Ojiky\u00e1n, <em>viola<\/em>;<\/p>\n<p style=\"text-align: center;\">Mar\u00eda Cueva M\u00e9ndez, <em>piano<\/em>;<\/p>\n\n<p style=\"text-align: center;\">Domingo, 3 de septiembre de 2023, 12.30 h<\/p>\n\n<p>El Museo Evaristo Valle acoge un recital de viol\u00edn, viola y piano enclavado en el Ciclo J\u00f3venes Int\u00e9rpretes que da cabida a m\u00fasicos en formaci\u00f3n que necesitan un espacio para desarrollarse en la m\u00fasica de c\u00e1mara.<\/p>\n<p>Enrique Vega Miranda (2002), comienza a los tres a\u00f1os de edad la actividad de m\u00fasica y movimiento con la escuela Yamaha. En 2006, con cuatro a\u00f1os se inscribe en la Escuela Enrique Tru\u00e1n para estudiar viol\u00edn.\u00a0En 2013 y 2014 hace dos cursos en el Conservatorio Profesional de M\u00fasica de Gij\u00f3n, el cual deja para centrarse en los estudios de viol\u00edn con el profesor Tigran Danielyan, con quien contin\u00faa actualmente. Al piano, Mar\u00eda Cueva M\u00e9ndez.<\/p>\n<p>Programa:<\/p>\n<ul>\n<li>J. S. Bach.\u00a0<em>Chacona de la partita n.\u00ba 2 en re menor, BMV 1004<\/em><\/li>\n<li>W. A. Mozart.\u00a0<em>Sinfon\u00eda concertante para viol\u00edn y viola k.364<\/em><\/li>\n<li>Komitas Vardapet.<em>\u00a0Canciones Armenias<\/em><\/li>\n<\/ul>\n\n<p>Entrada<strong>,<\/strong> incluida en el precio de la entrada al museo: General 6 \u20ac, reducida 3\u20ac, gratuita para \u201cAmigos del Museo\u201d. Disponibles en el Museo y en la Librer\u00eda La Buena Letra.<\/p>\n\n<p>Int\u00e9rpretes:<\/p>\n<p><strong>Enrique Vega Miranda<\/strong>, nace en Gij\u00f3n en el a\u00f1o 2002. Comienza sus estudios de m\u00fasica con cuatro a\u00f1os de edad en la Escuela Enrique Tru\u00e1n. Recibe clases de viol\u00edn de Amalia Lorente Camarero y de Zuri\u00f1e de Diego. En 2012 ingresa en el conservatorio de M\u00fasica de Gij\u00f3n para cursar Grado Medio, donde tiene como profesora a Marta Avello.<\/p>\n<p>Desde 2014 es alumno de Tigran Danielyan. participando en varios conciertos en el Teatro Riera de Villaviciosa. En 2018 ofrece su primer concierto como solista en el Museo Evaristo Valle. Actualmente contin\u00faa form\u00e1ndose con Tigran Danielyan.<\/p>\n\n<p><strong>Tigran Danielyan<\/strong> estudia viol\u00edn en el Conservatorio Superior &#8220;Kolomitas&#8221; bajo la tutela del famoso concertista Artashes Mkrtchyan.<\/p>\n<p>En 1997 se decide por la viola, instrumento que estudia en el Conservatorio Superior de Bielorrusia. Durante este periodo forma parte de la Orquesta Sinf\u00f3nica Nacional de Bielorrusia. Al mismo tiempo participa en el prestigioso esamble de solistas &#8220;Klassik Avangarde&#8221; girando por toda Europa y publicando su primer disco.<\/p>\n<p>En 2002 ingresa en la formaci\u00f3n &#8220;Los virtuosos de Mosc\u00fa&#8221;, etapa en la que se publican varios discos. Colabora activamente con Fundaci\u00f3n Magistralia, con la que imparte cursillos. Ha participado en numerosos conciertos en el Museo Evaristo Valle.<\/p>\n<p>Actualmente es viola co-principal de la Orquesta Sinf\u00f3nica Ciudad de Oviedo.<\/p>\n\n<p><strong>Mar\u00eda Cueva M\u00e9ndez<\/strong> es graduada <em>cum laude<\/em> en interpretaci\u00f3n pian\u00edstica en la Universidad de Illinois en Urbana-Champaign (EE.UU.) y doblemente maestrada en interpretaci\u00f3n pian\u00edstica y musicolog\u00eda gracias a las becas otorgadas por dicha universidad, donde tambi\u00e9n trabaj\u00f3 durante cuatro a\u00f1os como profesora asistente. Posteriormente le concede la &#8220;Kate Neal Fellowship&#8221; para asistir a las masterclasses en la \u00c9cole Normale &#8220;Alfred Cortot&#8221; de Par\u00eds y la Fundaci\u00f3n Bell\u00b4Arte de Bruselas. Has sido premiada en interpretaci\u00f3n pian\u00edsitica por Juventudes Musicales de Espa\u00f1a y Juventudes Musicales de Madrid, adem\u00e1s de por varias instituciones de Estados Unidos. Ha tocado como solista en agrupaciones camer\u00edsticas y sinf\u00f3nicas en importantes escenarios de Espa\u00f1a, Francia, B\u00e9lgica, Estados Unidos, Portugal e Italia, y en festivales tanto musicales como interdisciplinares.<\/p>\n<p>Trabaja habitualmente como maestra repetidora en importantes festivales de zarzuela y \u00f3pera. Se interesa especialmente por proyectos interdisciplinares y musicales que exploran alternativas al tradicional formato camer\u00edstico. Sus interpretaciones solistas y trabajos discogr\u00e1ficos han sido emitidos por RTVE Cl\u00e1sica y RTVE3. Ha ofrecido numerosos conciertos en el Museo Evaristo Valle, como &#8220;La gran guerra. Eleg\u00eda para piano&#8221;, &#8220;Debussy Imaginado&#8221; junto a Jacobo de Miguel o &#8220;Luces y sombras&#8221; con el Tr\u00edo Eureka.<\/p>\n","protected":false},"excerpt":{"rendered":"<p>Ciclo j\u00f3venes int\u00e9rpretes Recital de viol\u00edn, viola y piano Enrique Vega Miranda, viol\u00edn; Tigr\u00e1n Daniely\u00e1n Ojiky\u00e1n, viola; Mar\u00eda Cueva M\u00e9ndez, piano; Domingo, 3 de septiembre de 2023, 12.30 h El Museo Evaristo Valle acoge un recital de viol\u00edn, viola y piano enclavado en el Ciclo J\u00f3venes Int\u00e9rpretes que da cabida a m\u00fasicos en formaci\u00f3n que necesitan un espacio para desarrollarse en la m\u00fasica de c\u00e1mara. Enrique Vega Miranda (2002), comienza a los tres a\u00f1os de edad la actividad de m\u00fasica y movimiento con la escuela Yamaha. En 2006, con cuatro a\u00f1os se inscribe en la Escuela Enrique Tru\u00e1n para estudiar viol\u00edn.\u00a0En 2013 y 2014 hace dos cursos en el Conservatorio [&hellip;]<\/p>\n","protected":false},"author":1,"featured_media":3196,"comment_status":"closed","ping_status":"open","sticky":false,"template":"","format":"standard","meta":{"footnotes":""},"categories":[130,13],"tags":[],"_links":{"self":[{"href":"https:\/\/evaristovalle.com\/en\/wp-json\/wp\/v2\/posts\/6648"}],"collection":[{"href":"https:\/\/evaristovalle.com\/en\/wp-json\/wp\/v2\/posts"}],"about":[{"href":"https:\/\/evaristovalle.com\/en\/wp-json\/wp\/v2\/types\/post"}],"author":[{"embeddable":true,"href":"https:\/\/evaristovalle.com\/en\/wp-json\/wp\/v2\/users\/1"}],"replies":[{"embeddable":true,"href":"https:\/\/evaristovalle.com\/en\/wp-json\/wp\/v2\/comments?post=6648"}],"version-history":[{"count":4,"href":"https:\/\/evaristovalle.com\/en\/wp-json\/wp\/v2\/posts\/6648\/revisions"}],"predecessor-version":[{"id":6656,"href":"https:\/\/evaristovalle.com\/en\/wp-json\/wp\/v2\/posts\/6648\/revisions\/6656"}],"wp:featuredmedia":[{"embeddable":true,"href":"https:\/\/evaristovalle.com\/en\/wp-json\/wp\/v2\/media\/3196"}],"wp:attachment":[{"href":"https:\/\/evaristovalle.com\/en\/wp-json\/wp\/v2\/media?parent=6648"}],"wp:term":[{"taxonomy":"category","embeddable":true,"href":"https:\/\/evaristovalle.com\/en\/wp-json\/wp\/v2\/categories?post=6648"},{"taxonomy":"post_tag","embeddable":true,"href":"https:\/\/evaristovalle.com\/en\/wp-json\/wp\/v2\/tags?post=6648"}],"curies":[{"name":"wp","href":"https:\/\/api.w.org\/{rel}","templated":true}]}}