{"id":6651,"date":"2023-08-18T13:53:17","date_gmt":"2023-08-18T11:53:17","guid":{"rendered":"https:\/\/evaristovalle.com\/?p=6651"},"modified":"2023-08-18T13:53:17","modified_gmt":"2023-08-18T11:53:17","slug":"s-19-08-2023-18-30-h-dia-mundial-de-la-fotografia-visita-guiada-a-la-exposicion-hagase-la-luz-tecnicas-fotograficas-del-siglo-xix-en-la-creacion-contemporanea","status":"publish","type":"post","link":"https:\/\/evaristovalle.com\/en\/s-19-08-2023-18-30-h-dia-mundial-de-la-fotografia-visita-guiada-a-la-exposicion-hagase-la-luz-tecnicas-fotograficas-del-siglo-xix-en-la-creacion-contemporanea\/","title":{"rendered":"S. 19\/08\/2023, 18.30 h \/\/ D\u00eda Mundial de la Fotograf\u00eda. Visita guiada a la exposici\u00f3n \u201cH\u00e1gase la luz. T\u00e9cnicas fotogr\u00e1ficas del siglo XIX en la creaci\u00f3n contempor\u00e1nea\u201d"},"content":{"rendered":"<h3 style=\"text-align: center;\"><strong>D\u00eda Mundial de la Fotograf\u00eda<\/strong><\/h3>\n<p style=\"text-align: center;\">Visita guiada a la exposici\u00f3n<\/p>\n<p style=\"text-align: center;\"><strong>\u201cH\u00e1gase la luz. T\u00e9cnicas fotogr\u00e1ficas del siglo XIX en la creaci\u00f3n contempor\u00e1nea\u201d<\/strong><\/p>\n<p style=\"text-align: center;\">S\u00e1bado, 19 de agosto de 2023, 18.30 h<\/p>\n\n\n<p>El 19 de agosto es la fecha escogida para la celebraci\u00f3n del <strong>D\u00eda<\/strong><strong> Mundial de la Fotograf\u00eda<\/strong> y se debe al inventor y artista franc\u00e9s Louis-Jacques Daguerre, quien present\u00f3 en 1839, a la Academia de Ciencias de Francia, una t\u00e9cnica fotogr\u00e1fica revolucionaria: el daguerrotipo.<\/p>\n<p>Para celebrar tal efem\u00e9ride nos acercaremos a la exposici\u00f3n \u201cH\u00e1gase la luz. T\u00e9cnicas fotogr\u00e1ficas del siglo XIX en la creaci\u00f3n contempor\u00e1nea\u201d del colectivo Slow Photo que estos d\u00edas puede contemplarse en el Museo.<\/p>\n<p><a href=\"https:\/\/www.slowphoto.es\/\"><strong>Slow Photo<\/strong><\/a> es un proyecto formado por Jes\u00fas Lim\u00e1rquez, Jos\u00e9 Magano, Jos\u00e9 Manuel Poyatos y Rub\u00e9n Morales en Madrid, en el a\u00f1o 2013. Sin duda, se trata del grupo m\u00e1s destacado a nivel nacional dentro de la fotograf\u00eda qu\u00edmica, dedicado a la creaci\u00f3n, la investigaci\u00f3n y la ense\u00f1anza.<\/p>\n<p>Su principal peculiaridad es el amplio rango de t\u00e9cnicas que son capaces de llevar a cabo con un alto grado de especializaci\u00f3n, cubriendo todas las \u00e9pocas de la historia de la fotograf\u00eda desde su presentaci\u00f3n en sociedad a principios del siglo XIX hasta el momento presente.<\/p>\n<p>Estos autores rescatan esas formas de creaci\u00f3n fotogr\u00e1fica que se quedaron por el camino: colodi\u00f3n h\u00famedo, cianotipia, marr\u00f3n vandyke, kalitipas, goma bicromatatada, virados, iluminados a mano&#8230; Frente a la producci\u00f3n seriada prefieren la obra \u00fanica, frente al resultado instant\u00e1neo apuestan por la pausada reflexi\u00f3n.<\/p>\n<p><a href=\"https:\/\/evaristovalle.com\/exposiciones\/hagase-la-luz-tecnicas-fotograficas-del-s-xix-en-la-creacion-contemporanea\/\">(M\u00e1s info aqu\u00ed&#8230;)<\/a><\/p>\n<p>Inscripciones en el tel\u00e9fono <strong>985334000<\/strong> o en el <a href=\"https:\/\/evaristovalle.com\/contacto\/\" target=\"_blank\" rel=\"noopener\">correo electr\u00f3nico<\/a><\/p>\n<p>Entrada general: 6\u20ac; reducida: 3\u20ac (estudiantes, jubilados, mayores de 65 y grupos)<\/p>\n","protected":false},"excerpt":{"rendered":"<p>D\u00eda Mundial de la Fotograf\u00eda Visita guiada a la exposici\u00f3n \u201cH\u00e1gase la luz. T\u00e9cnicas fotogr\u00e1ficas del siglo XIX en la creaci\u00f3n contempor\u00e1nea\u201d S\u00e1bado, 19 de agosto de 2023, 18.30 h El 19 de agosto es la fecha escogida para la celebraci\u00f3n del D\u00eda Mundial de la Fotograf\u00eda y se debe al inventor y artista franc\u00e9s Louis-Jacques Daguerre, quien present\u00f3 en 1839, a la Academia de Ciencias de Francia, una t\u00e9cnica fotogr\u00e1fica revolucionaria: el daguerrotipo. Para celebrar tal efem\u00e9ride nos acercaremos a la exposici\u00f3n \u201cH\u00e1gase la luz. T\u00e9cnicas fotogr\u00e1ficas del siglo XIX en la creaci\u00f3n contempor\u00e1nea\u201d del colectivo Slow Photo que estos d\u00edas puede contemplarse en el Museo. Slow Photo es [&hellip;]<\/p>\n","protected":false},"author":1,"featured_media":6653,"comment_status":"closed","ping_status":"open","sticky":false,"template":"","format":"standard","meta":{"footnotes":""},"categories":[129,14],"tags":[],"_links":{"self":[{"href":"https:\/\/evaristovalle.com\/en\/wp-json\/wp\/v2\/posts\/6651"}],"collection":[{"href":"https:\/\/evaristovalle.com\/en\/wp-json\/wp\/v2\/posts"}],"about":[{"href":"https:\/\/evaristovalle.com\/en\/wp-json\/wp\/v2\/types\/post"}],"author":[{"embeddable":true,"href":"https:\/\/evaristovalle.com\/en\/wp-json\/wp\/v2\/users\/1"}],"replies":[{"embeddable":true,"href":"https:\/\/evaristovalle.com\/en\/wp-json\/wp\/v2\/comments?post=6651"}],"version-history":[{"count":2,"href":"https:\/\/evaristovalle.com\/en\/wp-json\/wp\/v2\/posts\/6651\/revisions"}],"predecessor-version":[{"id":6654,"href":"https:\/\/evaristovalle.com\/en\/wp-json\/wp\/v2\/posts\/6651\/revisions\/6654"}],"wp:featuredmedia":[{"embeddable":true,"href":"https:\/\/evaristovalle.com\/en\/wp-json\/wp\/v2\/media\/6653"}],"wp:attachment":[{"href":"https:\/\/evaristovalle.com\/en\/wp-json\/wp\/v2\/media?parent=6651"}],"wp:term":[{"taxonomy":"category","embeddable":true,"href":"https:\/\/evaristovalle.com\/en\/wp-json\/wp\/v2\/categories?post=6651"},{"taxonomy":"post_tag","embeddable":true,"href":"https:\/\/evaristovalle.com\/en\/wp-json\/wp\/v2\/tags?post=6651"}],"curies":[{"name":"wp","href":"https:\/\/api.w.org\/{rel}","templated":true}]}}