{"id":6658,"date":"2023-08-25T12:17:26","date_gmt":"2023-08-25T10:17:26","guid":{"rendered":"https:\/\/evaristovalle.com\/?p=6658"},"modified":"2023-08-25T12:19:35","modified_gmt":"2023-08-25T10:19:35","slug":"v-15-9-2023-20-00-h-de-lo-dramatico-a-lo-romantico-concierto-extraordinario-de-cantantes-liricos-academia-belcanto-homenaje-a-la-soprano-internacional-lamara-chkonia","status":"publish","type":"post","link":"https:\/\/evaristovalle.com\/en\/v-15-9-2023-20-00-h-de-lo-dramatico-a-lo-romantico-concierto-extraordinario-de-cantantes-liricos-academia-belcanto-homenaje-a-la-soprano-internacional-lamara-chkonia\/","title":{"rendered":"V. 15\/9\/2023, 20.00 h \/\/ &#8220;De lo dram\u00e1tico a lo rom\u00e1ntico&#8221; Concierto extraordinario de cantantes l\u00edricos Academia Belcanto. Homenaje a la soprano internacional Lamara Chkonia"},"content":{"rendered":"<h3 style=\"text-align: center;\"><span style=\"color: #993300;\">De lo dram\u00e1tico a lo rom\u00e1ntico<\/span><br \/>\nConcierto extraordinario de cantantes l\u00edricos Academia Belcanto<br \/>\nHomenaje a la soprano internacional Lamara Chkonia<\/h3>\n<p style=\"text-align: center;\"><strong>Ciclo de Conciertos de Verano 2023<\/strong><br \/>\n40 aniversario del Museo Evaristo Valle \/ 150 aniversario del nacimiento del pintor<\/p>\n<p style=\"text-align: center;\">Viernes, 15 de septiembre de 2023, 20.00 h.<\/p>\n<p style=\"text-align: left;\">El centro de &#8220;Academia Belcanto&#8221; de Graz (Austria) organiza en Gij\u00f3n un curso de canto l\u00edrico impartido por la soprano internacional Eteri Lamoris &#8211; hija de la reconocida soprano belcanista del siglo XX Lamara Chkonia, a quien se dedica este recital, ofrecido por sus alumnos liricos mas destacados, que cantar\u00e1n las mejores obras de \u00f3pera, zarzuela y la canci\u00f3n, e invitados, como el tenor internacional Giorgi Meladze, que interpretar\u00e1 arias famosas de opera y canciones napolitanas.<\/p>\n<p style=\"text-align: left;\">Las tradiciones vocales de la familia Chkonia han formado a muchos cantantes internacionales. Gracias a Lamara, el mundo de la m\u00fasica conoci\u00f3 a profesionales y cantantes excepcionales como Iano Tamar, Shalva Mukeria, Roman Pichler, Daniel Serafin, Amin Akhangaran, Paolo Scariano, entre otros. Lamara dej\u00f3 su huella tambi\u00e9n en Espa\u00f1a, formando a cantantes y artistas espa\u00f1oles, como por ejemplo David Oller, Bernardino Atienza, Garbine Insausti, entre otros.<\/p>\n<p style=\"text-align: left;\">En el concierto participar\u00e1n desde la que fue la primera alumna de Lamara Chkoina en Espa\u00f1a, hoy profesora de canto en el Conservatorio Profesional de M\u00fasica y Danza de Gij\u00f3n, hasta las m\u00e1s joven participante, de Cuenca, con tan s\u00f3lo 17 a\u00f1os, pasando por antiguas y por nuevas alumnas destacadas de la Academia.<\/p>\n<p style=\"text-align: left;\">Eteri Lamoris es hija de Lamara Chkonia y coordinadora de este concierto. Es ganadora del Premio de Cultura y la Orden Real de Oro en Estocolmo con el t\u00edtulo The Greatest Singer Of Our Time, laureada en nueve concursos internacionales y con cinco primeros premios. Ha cantado en los mejores teatros y salas del mundo.<\/p>\n<p style=\"text-align: left;\">Desde 2010 Lamoris ha dedicado sus esfuerzos al campo del recital, a la producci\u00f3n de eventos musicales y a las clases magistrales. Entre sus proyectos m\u00e1s destacados podr\u00edamos citar \u00abLa Scala Stars\u00bb, \u00abPearls of Opera World\u00bb, \u00abSpanish nights\u00bb, \u00abLamara Chkonia-80\u00bb, u \u00abOpera Stars Concert\u00bb. Eteri cuenta con veinte a\u00f1os de experiencia como profesora. Actualmente sigue cantando y colaborando con los m\u00fasicos m\u00e1s importantes del mundo cl\u00e1sico.<\/p>\n<p style=\"text-align: left;\">Por los caminos incre\u00edbles de la vida, Eteri Lamoris ha sobrevivido a tres guerras: dos en su pa\u00eds natal, Georgia (1991 y 2008) y m\u00e1s recientemente a la de Ucrania, donde vivi\u00f3 en los \u00faltimos a\u00f1os.<\/p>\n<p style=\"text-align: left;\">M\u00e1s informaci\u00f3n sobre Eteri Lamoris en www.eterilamoris.net<\/p>\n<p style=\"text-align: left;\">Entradas disponibles en el Museo Evaristo Valle y en la Librer\u00eda La Buena Letra (15 \u20ac). Aforo limitado<\/p>\n<p>Colaboran: Ayuntamiento de Gij\u00f3n, Caja Rural de Asturias, Accademia Belcanto, Escuela de M\u00fasica Viva Tchaikovsky, Ser Gij\u00f3n y Librer\u00eda La Buena Letra.<\/p>\n<p><a href=\"https:\/\/evaristovalle.com\/?attachment_id=6659\" rel=\"attachment wp-att-6659\"><img loading=\"lazy\" decoding=\"async\" class=\"aligncenter size-full wp-image-6659\" src=\"https:\/\/evaristovalle.com\/wp-content\/uploads\/2023\/08\/Cartel-Accademia-Belcanto.jpg\" alt=\"\" width=\"1754\" height=\"2480\" srcset=\"https:\/\/evaristovalle.com\/wp-content\/uploads\/2023\/08\/Cartel-Accademia-Belcanto.jpg 1754w, https:\/\/evaristovalle.com\/wp-content\/uploads\/2023\/08\/Cartel-Accademia-Belcanto-212x300.jpg 212w, https:\/\/evaristovalle.com\/wp-content\/uploads\/2023\/08\/Cartel-Accademia-Belcanto-768x1086.jpg 768w, https:\/\/evaristovalle.com\/wp-content\/uploads\/2023\/08\/Cartel-Accademia-Belcanto-724x1024.jpg 724w, https:\/\/evaristovalle.com\/wp-content\/uploads\/2023\/08\/Cartel-Accademia-Belcanto-600x848.jpg 600w\" sizes=\"(max-width: 1754px) 100vw, 1754px\" \/><\/a><\/p>\n","protected":false},"excerpt":{"rendered":"<p>De lo dram\u00e1tico a lo rom\u00e1ntico Concierto extraordinario de cantantes l\u00edricos Academia Belcanto Homenaje a la soprano internacional Lamara Chkonia Ciclo de Conciertos de Verano 2023 40 aniversario del Museo Evaristo Valle \/ 150 aniversario del nacimiento del pintor Viernes, 15 de septiembre de 2023, 20.00 h. El centro de &#8220;Academia Belcanto&#8221; de Graz (Austria) organiza en Gij\u00f3n un curso de canto l\u00edrico impartido por la soprano internacional Eteri Lamoris &#8211; hija de la reconocida soprano belcanista del siglo XX Lamara Chkonia, a quien se dedica este recital, ofrecido por sus alumnos liricos mas destacados, que cantar\u00e1n las mejores obras de \u00f3pera, zarzuela y la canci\u00f3n, e invitados, como el [&hellip;]<\/p>\n","protected":false},"author":1,"featured_media":6205,"comment_status":"closed","ping_status":"open","sticky":false,"template":"","format":"standard","meta":{"footnotes":""},"categories":[130,13],"tags":[],"_links":{"self":[{"href":"https:\/\/evaristovalle.com\/en\/wp-json\/wp\/v2\/posts\/6658"}],"collection":[{"href":"https:\/\/evaristovalle.com\/en\/wp-json\/wp\/v2\/posts"}],"about":[{"href":"https:\/\/evaristovalle.com\/en\/wp-json\/wp\/v2\/types\/post"}],"author":[{"embeddable":true,"href":"https:\/\/evaristovalle.com\/en\/wp-json\/wp\/v2\/users\/1"}],"replies":[{"embeddable":true,"href":"https:\/\/evaristovalle.com\/en\/wp-json\/wp\/v2\/comments?post=6658"}],"version-history":[{"count":2,"href":"https:\/\/evaristovalle.com\/en\/wp-json\/wp\/v2\/posts\/6658\/revisions"}],"predecessor-version":[{"id":6661,"href":"https:\/\/evaristovalle.com\/en\/wp-json\/wp\/v2\/posts\/6658\/revisions\/6661"}],"wp:featuredmedia":[{"embeddable":true,"href":"https:\/\/evaristovalle.com\/en\/wp-json\/wp\/v2\/media\/6205"}],"wp:attachment":[{"href":"https:\/\/evaristovalle.com\/en\/wp-json\/wp\/v2\/media?parent=6658"}],"wp:term":[{"taxonomy":"category","embeddable":true,"href":"https:\/\/evaristovalle.com\/en\/wp-json\/wp\/v2\/categories?post=6658"},{"taxonomy":"post_tag","embeddable":true,"href":"https:\/\/evaristovalle.com\/en\/wp-json\/wp\/v2\/tags?post=6658"}],"curies":[{"name":"wp","href":"https:\/\/api.w.org\/{rel}","templated":true}]}}